{"id":1069,"date":"2015-02-14T22:37:47","date_gmt":"2015-02-14T22:37:47","guid":{"rendered":"https:\/\/platino-davidferrer.com\/?p=1069"},"modified":"2015-03-05T12:47:08","modified_gmt":"2015-03-05T12:47:08","slug":"press-conference-and-practice-in-rio","status":"publish","type":"post","link":"https:\/\/platino-davidferrer.com\/?p=1069","title":{"rendered":"Press conference and practice in Rio"},"content":{"rendered":"<p><strong>David arrived and started practice in Rio!<\/strong><\/p>\n<p>Video: David Ferrer Interview (14\/Feb).<br \/>\n<iframe loading=\"lazy\" width=\"560\" height=\"315\" src=\"\/\/www.youtube.com\/embed\/ichY5R4ITFo?rel=0\" frameborder=\"0\" allowfullscreen><\/iframe><\/p>\n<p><strong>And interview article<\/strong><\/p>\n<p><a href=\"http:\/\/www.ecuavisa.com\/articulo\/deportes\/internacional\/99334-david-ferrer-le-preocupa-calor-rio-durante-atp500\" target=\"_blank\"><strong>A David Ferrer le preocupa el calor de R\u00edo durante ATP500<\/strong><\/a><br \/>\n(via ecuavisa.com)<\/p>\n<p><a href=\"https:\/\/platino-davidferrer.com\/wp-content\/uploads\/2015\/02\/14022015-df-1.jpg\"><img loading=\"lazy\" decoding=\"async\" src=\"https:\/\/platino-davidferrer.com\/wp-content\/uploads\/2015\/02\/14022015-df-1-300x200.jpg\" alt=\"14022015-df-1\" width=\"300\" height=\"200\" class=\"alignleft size-medium wp-image-1102\" srcset=\"https:\/\/platino-davidferrer.com\/wp-content\/uploads\/2015\/02\/14022015-df-1-300x200.jpg 300w, https:\/\/platino-davidferrer.com\/wp-content\/uploads\/2015\/02\/14022015-df-1.jpg 800w\" sizes=\"auto, (max-width: 300px) 100vw, 300px\" \/><\/a><\/p>\n<p><a href=\"https:\/\/platino-davidferrer.com\/wp-content\/uploads\/2015\/02\/14022015-df-2.jpg\"><img loading=\"lazy\" decoding=\"async\" src=\"https:\/\/platino-davidferrer.com\/wp-content\/uploads\/2015\/02\/14022015-df-2-300x200.jpg\" alt=\"14022015-df-2\" width=\"300\" height=\"200\" class=\"alignleft size-medium wp-image-1103\" srcset=\"https:\/\/platino-davidferrer.com\/wp-content\/uploads\/2015\/02\/14022015-df-2-300x200.jpg 300w, https:\/\/platino-davidferrer.com\/wp-content\/uploads\/2015\/02\/14022015-df-2.jpg 800w\" sizes=\"auto, (max-width: 300px) 100vw, 300px\" \/><\/a><\/p>\n<p class=\"clearDF\">\n<p><strong>&#8220;Hace much\u00edsimo calor y hay bastante m\u00e1s humedad (que en Melbourne, donde jug\u00f3 recientemente), y as\u00ed se hace m\u00e1s pesado jugar&#8221;<br \/>\n&#8220;Voy a intentar pensar en la primera ronda y tratar de hacerlo lo mejor posible&#8221;<\/strong><\/p>\n<p style=\"margin-bottom:3em;\">\nFotos: EFE<\/p>\n<p><strong>Videos that practiced with Rafa! :)<\/strong><\/p>\n<p><iframe loading=\"lazy\" width=\"400\" height=\"315\" src=\"\/\/www.youtube.com\/embed\/XYyDCSqaVW4?rel=0\" frameborder=\"0\" allowfullscreen><\/iframe>\u3000<iframe loading=\"lazy\" width=\"400\" height=\"315\" src=\"\/\/www.youtube.com\/embed\/ds9F-KICB_k?rel=0\" frameborder=\"0\" allowfullscreen><\/iframe><\/p>\n","protected":false},"excerpt":{"rendered":"<p>David arrived and started practice in Rio! Video: David Ferrer Interview (14\/Feb). And interview article A Dav [&hellip;]<\/p>\n","protected":false},"author":1,"featured_media":1102,"comment_status":"open","ping_status":"open","sticky":false,"template":"","format":"standard","meta":{"footnotes":""},"categories":[22],"tags":[29,25,43,41,32],"class_list":{"0":"post-1069","1":"post","2":"type-post","3":"status-publish","4":"format-standard","5":"has-post-thumbnail","7":"category-tournament","8":"tag-interview","9":"tag-rafael-nadal","10":"tag-rio-open-2015","11":"tag-training","12":"tag-video","13":"czr-hentry"},"aioseo_notices":[],"jetpack_featured_media_url":"https:\/\/platino-davidferrer.com\/wp-content\/uploads\/2015\/02\/14022015-df-1.jpg","_links":{"self":[{"href":"https:\/\/platino-davidferrer.com\/index.php?rest_route=\/wp\/v2\/posts\/1069","targetHints":{"allow":["GET"]}}],"collection":[{"href":"https:\/\/platino-davidferrer.com\/index.php?rest_route=\/wp\/v2\/posts"}],"about":[{"href":"https:\/\/platino-davidferrer.com\/index.php?rest_route=\/wp\/v2\/types\/post"}],"author":[{"embeddable":true,"href":"https:\/\/platino-davidferrer.com\/index.php?rest_route=\/wp\/v2\/users\/1"}],"replies":[{"embeddable":true,"href":"https:\/\/platino-davidferrer.com\/index.php?rest_route=%2Fwp%2Fv2%2Fcomments&post=1069"}],"version-history":[{"count":0,"href":"https:\/\/platino-davidferrer.com\/index.php?rest_route=\/wp\/v2\/posts\/1069\/revisions"}],"wp:featuredmedia":[{"embeddable":true,"href":"https:\/\/platino-davidferrer.com\/index.php?rest_route=\/wp\/v2\/media\/1102"}],"wp:attachment":[{"href":"https:\/\/platino-davidferrer.com\/index.php?rest_route=%2Fwp%2Fv2%2Fmedia&parent=1069"}],"wp:term":[{"taxonomy":"category","embeddable":true,"href":"https:\/\/platino-davidferrer.com\/index.php?rest_route=%2Fwp%2Fv2%2Fcategories&post=1069"},{"taxonomy":"post_tag","embeddable":true,"href":"https:\/\/platino-davidferrer.com\/index.php?rest_route=%2Fwp%2Fv2%2Ftags&post=1069"}],"curies":[{"name":"wp","href":"https:\/\/api.w.org\/{rel}","templated":true}]}}