{"id":1135,"date":"2015-03-02T22:42:48","date_gmt":"2015-03-02T22:42:48","guid":{"rendered":"https:\/\/platino-davidferrer.com\/?p=1135"},"modified":"2015-03-08T12:02:38","modified_gmt":"2015-03-08T12:02:38","slug":"6videos-en-acapulco","status":"publish","type":"post","link":"https:\/\/platino-davidferrer.com\/?p=1135","title":{"rendered":"6 V\u00eddeos en Acapulco!!!"},"content":{"rendered":"<p><strong>Enhorabuena David!!! V\u00eddeo en Acapulco es aqu\u00ed!<br \/>\nDisfrutad mucho!<\/strong><\/p>\n<p style=\"margin-bottom:2em;\">\n<p style=\"margin-bottom:2em;\">\n<iframe loading=\"lazy\" width=\"400\" height=\"315\" src=\"\/\/www.youtube.com\/embed\/JEzCbvxBDEY?rel=0\" frameborder=\"0\" allowfullscreen><\/iframe><br \/>\n<strong>Acapulco 2015 Final Interivew Ferrer (ATP World Tour)<\/strong><\/p>\n<p style=\"margin-bottom:2em;\">\n<iframe loading=\"lazy\" width=\"400\" height=\"315\" src=\"\/\/www.youtube.com\/embed\/f3eYC8Uh7hE?rel=0\" frameborder=\"0\" allowfullscreen><\/iframe><br \/>\n<strong>Acapulco 2015 Final Hot Shot Ferrer (ATP World Tour)<\/strong><\/p>\n<p style=\"margin-bottom:2em;\">\n<iframe loading=\"lazy\" width=\"400\" height=\"315\" src=\"\/\/www.youtube.com\/embed\/ACwSJ-xVHaU?rel=0\" frameborder=\"0\" allowfullscreen><\/iframe><br \/>\n<strong>No me hace falta el Grand Slam: Ferrer (NotimexTV)<\/strong><\/p>\n<p style=\"margin-bottom:2em;\">\n<iframe loading=\"lazy\" width=\"400\" height=\"315\" src=\"\/\/www.youtube.com\/embed\/wW4Gmb7bwaQ?rel=0\" frameborder=\"0\" allowfullscreen><\/iframe><br \/>\n<strong>David Ferrer consigue su p\u00f3quer de t\u00edtulos del ATP 500 de Acapulco (NotimexTV)<\/strong><\/p>\n<p style=\"margin-bottom:2em;\">\n<iframe loading=\"lazy\" width=\"400\" height=\"315\" src=\"\/\/www.youtube.com\/embed\/qe-p2oiGhOM?rel=0\" frameborder=\"0\" allowfullscreen><\/iframe><br \/>\n<strong>Disputar\u00e1n final del Abierto Mexicano de Tenis (NotimexTV)<\/strong><\/p>\n<p style=\"margin-bottom:2em;\">\n<iframe loading=\"lazy\" width=\"400\" height=\"315\" src=\"\/\/www.youtube.com\/embed\/Wa0BS3LHG64?rel=0\" frameborder=\"0\" allowfullscreen><\/iframe><br \/>\n<strong>David Ferrer, tetracamp\u00e9on en Acapulco (AGENCIA EFE)<\/strong><\/p>\n","protected":false},"excerpt":{"rendered":"<p>Enhorabuena David!!! V\u00eddeo en Acapulco es aqu\u00ed! Disfrutad mucho! Acapulco 2015 Final Interivew Ferrer (ATP Wor [&hellip;]<\/p>\n","protected":false},"author":1,"featured_media":1150,"comment_status":"open","ping_status":"open","sticky":false,"template":"","format":"standard","meta":{"footnotes":""},"categories":[22],"tags":[44,32],"class_list":{"0":"post-1135","1":"post","2":"type-post","3":"status-publish","4":"format-standard","5":"has-post-thumbnail","7":"category-tournament","8":"tag-abierto-mexicano-2015","9":"tag-video","10":"czr-hentry"},"aioseo_notices":[],"jetpack_featured_media_url":"https:\/\/platino-davidferrer.com\/wp-content\/uploads\/2015\/03\/eye0303.jpg","_links":{"self":[{"href":"https:\/\/platino-davidferrer.com\/index.php?rest_route=\/wp\/v2\/posts\/1135","targetHints":{"allow":["GET"]}}],"collection":[{"href":"https:\/\/platino-davidferrer.com\/index.php?rest_route=\/wp\/v2\/posts"}],"about":[{"href":"https:\/\/platino-davidferrer.com\/index.php?rest_route=\/wp\/v2\/types\/post"}],"author":[{"embeddable":true,"href":"https:\/\/platino-davidferrer.com\/index.php?rest_route=\/wp\/v2\/users\/1"}],"replies":[{"embeddable":true,"href":"https:\/\/platino-davidferrer.com\/index.php?rest_route=%2Fwp%2Fv2%2Fcomments&post=1135"}],"version-history":[{"count":0,"href":"https:\/\/platino-davidferrer.com\/index.php?rest_route=\/wp\/v2\/posts\/1135\/revisions"}],"wp:featuredmedia":[{"embeddable":true,"href":"https:\/\/platino-davidferrer.com\/index.php?rest_route=\/wp\/v2\/media\/1150"}],"wp:attachment":[{"href":"https:\/\/platino-davidferrer.com\/index.php?rest_route=%2Fwp%2Fv2%2Fmedia&parent=1135"}],"wp:term":[{"taxonomy":"category","embeddable":true,"href":"https:\/\/platino-davidferrer.com\/index.php?rest_route=%2Fwp%2Fv2%2Fcategories&post=1135"},{"taxonomy":"post_tag","embeddable":true,"href":"https:\/\/platino-davidferrer.com\/index.php?rest_route=%2Fwp%2Fv2%2Ftags&post=1135"}],"curies":[{"name":"wp","href":"https:\/\/api.w.org\/{rel}","templated":true}]}}