{"id":1176,"date":"2015-03-03T23:34:12","date_gmt":"2015-03-03T23:34:12","guid":{"rendered":"https:\/\/platino-davidferrer.com\/?p=1176"},"modified":"2015-03-08T11:54:36","modified_gmt":"2015-03-08T11:54:36","slug":"david-recibe-premio-samaranch","status":"publish","type":"post","link":"https:\/\/platino-davidferrer.com\/?p=1176","title":{"rendered":"David recibe el &#8216;Premio Samaranch&#8217;!"},"content":{"rendered":"<p><strong>Grande!!! David Ferrer recibe la m\u00e1xima distinci\u00f3n del tenis espa\u00f1ol, el &#8216;Premio Samaranch&#8217;!<\/strong><br \/>\nDavid dijo: <a href=\"http:\/\/www.ondacero.es\/audios-online\/al-primer-toque\/al-primer-toque-entrevistas\/david-ferrer_2015030400007.html\" target=\"_blank\"><strong>&#8220;Contento por este reconocimiento a mi carrera&#8221;<\/strong><\/a> (Audio via ondacero.es !)<\/p>\n<p>(Articles)<br \/>\n<strong><a href=\"http:\/\/www.marca.com\/2015\/03\/03\/tenis\/1425415404.html\" target=\"_blank\">David Ferrer recibe el premio Juan Antonio Samaranch<\/a><\/strong><br \/>\n(via MARCA.com)<\/p>\n<p><strong><a href=\"http:\/\/tenis.as.com\/tenis\/2015\/03\/03\/portada\/1425416864_886175.html\" target=\"_blank\">David Ferrer recibe en Valencia el Premio Samaranch<\/a><\/strong><br \/>\n(via AS.com)<\/p>\n<p><strong><a href=\"http:\/\/www.20minutos.es\/deportes\/noticia\/david-ferrer-tenis-acapulco-empieza-bien-temporada-queda-mucho-premio-juan-antonio-samaranch-2394107\/0\/\" target=\"_blank\">David Ferrer: &#8220;El a\u00f1o ha empezado bien pero a\u00fan queda mucho&#8221;<\/a><\/strong><br \/>\n(via 20minutos)<\/p>\n<p><strong><a href=\"http:\/\/ultimahora.es\/deportes\/noticias\/2015\/03\/03\/146022\/david-ferrer-recibe-maxima-distincion-del-tenis-espanol.html\" target=\"_blank\">David Ferrer recibe la m\u00e1xima distinci\u00f3n del tenis espa\u00f1ol<\/a><\/strong><br \/>\n(via ulutimahora.es)<\/p>\n<p><strong><a href=\"http:\/\/www.europapress.es\/deportes\/tenis-00166\/noticia-david-ferrer-recibe-premio-samaranch-valencia-20150303221223.html\" target=\"_blank\">Ferrer recibe el Premio Samaranch<\/a><\/strong><br \/>\n(europapress.es)<\/p>\n<p><strong><a href=\"http:\/\/www.meridiano.com.ve\/tenis\/94419\/david-ferrer-recibio-el-premio-samaranch.html\" target=\"_blank\">David Ferrer recibi\u00f3 el premio Samaranch<\/a><\/strong><br \/>\n(via meridiano.com)<\/p>\n<p><a href=\"https:\/\/platino-davidferrer.com\/wp-content\/uploads\/2015\/03\/Premio-Samaranch01.jpg\"><img loading=\"lazy\" decoding=\"async\" src=\"https:\/\/platino-davidferrer.com\/wp-content\/uploads\/2015\/03\/Premio-Samaranch01-150x150.jpg\" alt=\"Premio Samaranch01\" width=\"150\" height=\"150\" class=\"alignnone size-thumbnail wp-image-1177\" \/><\/a>\u3000<a href=\"https:\/\/platino-davidferrer.com\/wp-content\/uploads\/2015\/03\/Premio-Samaranch02.jpg\"><img loading=\"lazy\" decoding=\"async\" src=\"https:\/\/platino-davidferrer.com\/wp-content\/uploads\/2015\/03\/Premio-Samaranch02-150x150.jpg\" alt=\"Premio Samaranch02\" width=\"150\" height=\"150\" class=\"alignnone size-thumbnail wp-image-1178\" \/><\/a>\u3000<a href=\"https:\/\/platino-davidferrer.com\/wp-content\/uploads\/2015\/03\/Premio-Samaranch04.jpg\"><img loading=\"lazy\" decoding=\"async\" src=\"https:\/\/platino-davidferrer.com\/wp-content\/uploads\/2015\/03\/Premio-Samaranch04-150x150.jpg\" alt=\"Premio Samaranch04\" width=\"150\" height=\"150\" class=\"alignnone size-thumbnail wp-image-1180\" \/><\/a>\u3000<a href=\"https:\/\/platino-davidferrer.com\/wp-content\/uploads\/2015\/03\/Premio-Samaranch03.jpg\"><img loading=\"lazy\" decoding=\"async\" src=\"https:\/\/platino-davidferrer.com\/wp-content\/uploads\/2015\/03\/Premio-Samaranch03-150x150.jpg\" alt=\"Premio Samaranch03\" width=\"150\" height=\"150\" class=\"alignnone size-thumbnail wp-image-1179\" \/><\/a>\u3000<a href=\"https:\/\/platino-davidferrer.com\/wp-content\/uploads\/2015\/03\/Premio-Samaranch05.jpg\"><img loading=\"lazy\" decoding=\"async\" src=\"https:\/\/platino-davidferrer.com\/wp-content\/uploads\/2015\/03\/Premio-Samaranch05-150x150.jpg\" alt=\"Premio Samaranch05\" width=\"150\" height=\"150\" class=\"alignnone size-thumbnail wp-image-1181\" \/><\/a><\/p>\n<p><a href=\"https:\/\/platino-davidferrer.com\/wp-content\/uploads\/2015\/03\/Premio-Samaranch06.jpg\"><img loading=\"lazy\" decoding=\"async\" src=\"https:\/\/platino-davidferrer.com\/wp-content\/uploads\/2015\/03\/Premio-Samaranch06-150x150.jpg\" alt=\"Premio Samaranch06\" width=\"150\" height=\"150\" class=\"alignnone size-thumbnail wp-image-1182\" \/><\/a>\u3000<a href=\"https:\/\/platino-davidferrer.com\/wp-content\/uploads\/2015\/03\/Premio-Samaranch07.jpg\"><img loading=\"lazy\" decoding=\"async\" src=\"https:\/\/platino-davidferrer.com\/wp-content\/uploads\/2015\/03\/Premio-Samaranch07-150x150.jpg\" alt=\"Premio Samaranch07\" width=\"150\" height=\"150\" class=\"alignnone size-thumbnail wp-image-1183\" \/><\/a>\u3000<a href=\"https:\/\/platino-davidferrer.com\/wp-content\/uploads\/2015\/03\/Premio-Samaranch08.jpg\"><img loading=\"lazy\" decoding=\"async\" src=\"https:\/\/platino-davidferrer.com\/wp-content\/uploads\/2015\/03\/Premio-Samaranch08-150x150.jpg\" alt=\"Premio Samaranch08\" width=\"150\" height=\"150\" class=\"alignnone size-thumbnail wp-image-1184\" \/><\/a>\u3000<a href=\"https:\/\/platino-davidferrer.com\/wp-content\/uploads\/2015\/03\/Premio-Samaranch09.jpg\"><img loading=\"lazy\" decoding=\"async\" src=\"https:\/\/platino-davidferrer.com\/wp-content\/uploads\/2015\/03\/Premio-Samaranch09-150x150.jpg\" alt=\"Premio Samaranch09\" width=\"150\" height=\"150\" class=\"alignnone size-thumbnail wp-image-1185\" \/><\/a>\u3000<a href=\"https:\/\/platino-davidferrer.com\/wp-content\/uploads\/2015\/03\/Premio-Samaranch10.jpg\"><img loading=\"lazy\" decoding=\"async\" src=\"https:\/\/platino-davidferrer.com\/wp-content\/uploads\/2015\/03\/Premio-Samaranch10-150x150.jpg\" alt=\"Premio Samaranch10\" width=\"150\" height=\"150\" class=\"alignnone size-thumbnail wp-image-1186\" \/><\/a><\/p>\n<p><a href=\"https:\/\/platino-davidferrer.com\/wp-content\/uploads\/2015\/03\/Premio-Samaranch11.jpg\"><img loading=\"lazy\" decoding=\"async\" src=\"https:\/\/platino-davidferrer.com\/wp-content\/uploads\/2015\/03\/Premio-Samaranch11-150x150.jpg\" alt=\"Premio Samaranch11\" width=\"150\" height=\"150\" class=\"alignnone size-thumbnail wp-image-1187\" \/><\/a>\u3000<a href=\"https:\/\/platino-davidferrer.com\/wp-content\/uploads\/2015\/03\/Premio-Samaranch12.jpg\"><img loading=\"lazy\" decoding=\"async\" src=\"https:\/\/platino-davidferrer.com\/wp-content\/uploads\/2015\/03\/Premio-Samaranch12-150x150.jpg\" alt=\"Premio Samaranch12\" width=\"150\" height=\"150\" class=\"alignnone size-thumbnail wp-image-1188\" \/><\/a>\u3000<a href=\"https:\/\/platino-davidferrer.com\/wp-content\/uploads\/2015\/03\/Premio-Samaranch13.jpg\"><img loading=\"lazy\" decoding=\"async\" src=\"https:\/\/platino-davidferrer.com\/wp-content\/uploads\/2015\/03\/Premio-Samaranch13-150x150.jpg\" alt=\"Premio Samaranch13\" width=\"150\" height=\"150\" class=\"alignnone size-thumbnail wp-image-1189\" \/><\/a>\u3000<a href=\"https:\/\/platino-davidferrer.com\/wp-content\/uploads\/2015\/03\/Premio-Samaranch14.jpg\"><img loading=\"lazy\" decoding=\"async\" src=\"https:\/\/platino-davidferrer.com\/wp-content\/uploads\/2015\/03\/Premio-Samaranch14-150x150.jpg\" alt=\"Premio Samaranch14\" width=\"150\" height=\"150\" class=\"alignnone size-thumbnail wp-image-1190\" \/><\/a>\u3000<a href=\"https:\/\/platino-davidferrer.com\/wp-content\/uploads\/2015\/03\/Premio-Samaranch15.jpg\"><img loading=\"lazy\" decoding=\"async\" src=\"https:\/\/platino-davidferrer.com\/wp-content\/uploads\/2015\/03\/Premio-Samaranch15-150x150.jpg\" alt=\"Premio Samaranch15\" width=\"150\" height=\"150\" class=\"alignnone size-thumbnail wp-image-1191\" \/><\/a><\/p>\n<p><a href=\"https:\/\/platino-davidferrer.com\/wp-content\/uploads\/2015\/03\/Premio-Samaranch17.jpg\"><img loading=\"lazy\" decoding=\"async\" src=\"https:\/\/platino-davidferrer.com\/wp-content\/uploads\/2015\/03\/Premio-Samaranch17-150x150.jpg\" alt=\"Premio Samaranch17\" width=\"150\" height=\"150\" class=\"alignnone size-thumbnail wp-image-1192\" \/><\/a>\u3000<a href=\"https:\/\/platino-davidferrer.com\/wp-content\/uploads\/2015\/03\/Premio-Samaranch18.jpg\"><img loading=\"lazy\" decoding=\"async\" src=\"https:\/\/platino-davidferrer.com\/wp-content\/uploads\/2015\/03\/Premio-Samaranch18-150x150.jpg\" alt=\"Premio Samaranch18\" width=\"150\" height=\"150\" class=\"alignnone size-thumbnail wp-image-1193\" \/><\/a>\u3000<a href=\"https:\/\/platino-davidferrer.com\/wp-content\/uploads\/2015\/03\/Premio-Samaranch19.jpg\"><img loading=\"lazy\" decoding=\"async\" src=\"https:\/\/platino-davidferrer.com\/wp-content\/uploads\/2015\/03\/Premio-Samaranch19-150x150.jpg\" alt=\"Premio Samaranch19\" width=\"150\" height=\"150\" class=\"alignnone size-thumbnail wp-image-1194\" srcset=\"https:\/\/platino-davidferrer.com\/wp-content\/uploads\/2015\/03\/Premio-Samaranch19-150x150.jpg 150w, https:\/\/platino-davidferrer.com\/wp-content\/uploads\/2015\/03\/Premio-Samaranch19-300x300.jpg 300w, https:\/\/platino-davidferrer.com\/wp-content\/uploads\/2015\/03\/Premio-Samaranch19.jpg 1024w\" sizes=\"auto, (max-width: 150px) 100vw, 150px\" \/><\/a>\u3000<a href=\"https:\/\/platino-davidferrer.com\/wp-content\/uploads\/2015\/03\/Premio-Samaranch20.jpg\"><img loading=\"lazy\" decoding=\"async\" src=\"https:\/\/platino-davidferrer.com\/wp-content\/uploads\/2015\/03\/Premio-Samaranch20-150x150.jpg\" alt=\"Premio Samaranch20\" width=\"150\" height=\"150\" class=\"alignnone size-thumbnail wp-image-1201\" \/><\/a>\u3000<a href=\"https:\/\/platino-davidferrer.com\/wp-content\/uploads\/2015\/03\/Premio-Samaranch21.jpg\"><img loading=\"lazy\" decoding=\"async\" src=\"https:\/\/platino-davidferrer.com\/wp-content\/uploads\/2015\/03\/Premio-Samaranch21-150x150.jpg\" alt=\"Premio Samaranch21\" width=\"150\" height=\"150\" class=\"alignnone size-thumbnail wp-image-1202\" \/><\/a><\/p>\n<p>(foto via Twitter de Sr.Alberto Fabra, Sr.Jose Chulvi, Sr.Juan Carlos Moragues, Sr.JuanLu cardona, Sra.Mar\u00eda Jos\u00e9 Catal\u00e0\u3001 Valencia CF, GVA_Generalitat valenciana, Superdeporte.es, @Miguel angel Orts, Sergi L\u00f3pez, FTCV, AS.com&#8230; Muchas gracias!!!<\/p>\n","protected":false},"excerpt":{"rendered":"<p>Grande!!! David Ferrer recibe la m\u00e1xima distinci\u00f3n del tenis espa\u00f1ol, el &#8216;Premio Samaranch&#8217;! David [&hellip;]<\/p>\n","protected":false},"author":1,"featured_media":1201,"comment_status":"open","ping_status":"open","sticky":false,"template":"","format":"standard","meta":{"footnotes":""},"categories":[4],"tags":[24,31,11,45],"class_list":{"0":"post-1176","1":"post","2":"type-post","3":"status-publish","4":"format-standard","5":"has-post-thumbnail","7":"category-news","8":"tag-news","9":"tag-off-court","10":"tag-photo","11":"tag-valencia","12":"czr-hentry"},"aioseo_notices":[],"jetpack_featured_media_url":"https:\/\/platino-davidferrer.com\/wp-content\/uploads\/2015\/03\/Premio-Samaranch20.jpg","_links":{"self":[{"href":"https:\/\/platino-davidferrer.com\/index.php?rest_route=\/wp\/v2\/posts\/1176","targetHints":{"allow":["GET"]}}],"collection":[{"href":"https:\/\/platino-davidferrer.com\/index.php?rest_route=\/wp\/v2\/posts"}],"about":[{"href":"https:\/\/platino-davidferrer.com\/index.php?rest_route=\/wp\/v2\/types\/post"}],"author":[{"embeddable":true,"href":"https:\/\/platino-davidferrer.com\/index.php?rest_route=\/wp\/v2\/users\/1"}],"replies":[{"embeddable":true,"href":"https:\/\/platino-davidferrer.com\/index.php?rest_route=%2Fwp%2Fv2%2Fcomments&post=1176"}],"version-history":[{"count":0,"href":"https:\/\/platino-davidferrer.com\/index.php?rest_route=\/wp\/v2\/posts\/1176\/revisions"}],"wp:featuredmedia":[{"embeddable":true,"href":"https:\/\/platino-davidferrer.com\/index.php?rest_route=\/wp\/v2\/media\/1201"}],"wp:attachment":[{"href":"https:\/\/platino-davidferrer.com\/index.php?rest_route=%2Fwp%2Fv2%2Fmedia&parent=1176"}],"wp:term":[{"taxonomy":"category","embeddable":true,"href":"https:\/\/platino-davidferrer.com\/index.php?rest_route=%2Fwp%2Fv2%2Fcategories&post=1176"},{"taxonomy":"post_tag","embeddable":true,"href":"https:\/\/platino-davidferrer.com\/index.php?rest_route=%2Fwp%2Fv2%2Ftags&post=1176"}],"curies":[{"name":"wp","href":"https:\/\/api.w.org\/{rel}","templated":true}]}}