{"id":1213,"date":"2015-03-04T11:56:24","date_gmt":"2015-03-04T11:56:24","guid":{"rendered":"https:\/\/platino-davidferrer.com\/?p=1213"},"modified":"2015-03-08T11:53:03","modified_gmt":"2015-03-08T11:53:03","slug":"video-premio-samaranch-vcf-con-ferrer","status":"publish","type":"post","link":"https:\/\/platino-davidferrer.com\/?p=1213","title":{"rendered":"VIDEO: &#8216;Premio Samaranch&#8217; y VCF con Ferrer"},"content":{"rendered":"<p><strong>M\u00edralos! :)<\/strong><\/p>\n<p><strong>VIDEO: El President Fabra asiste a la entrega del &#8216;Premio Samaranch&#8217; al tenista David Ferrer<\/strong><\/p>\n<p><iframe loading=\"lazy\" width=\"500\" height=\"360\"  src=\"\/\/www.youtube.com\/embed\/Y1humOf9Byk?rel=0\" frameborder=\"0\" allowfullscreen><\/iframe><\/p>\n<p style=\"margin-bottom:3em;\">\n<p><strong>VIDEO: El Valencia CF acompa\u00f1a a David ferrer en su d\u00eda m\u00e1s especial.<\/strong><\/p>\n<p><object id=\"flashObj\" width=\"640\" height=\"360\" classid=\"clsid:D27CDB6E-AE6D-11cf-96B8-444553540000\" codebase=\"http:\/\/download.macromedia.com\/pub\/shockwave\/cabs\/flash\/swflash.cab#version=9,0,47,0\"><param name=\"movie\" value=\"http:\/\/c.brightcove.com\/services\/viewer\/federated_f9?isVid=1&#038;isUI=1\" \/><param name=\"bgcolor\" value=\"#FFFFFF\" \/><param name=\"flashVars\" value=\"web=externos&#038;videoId=4091271087001&#038;playerID=1475576670001&#038;playerKey=AQ~~,AAABT5d6Ljk~,c-Nhqwto4Fvy-B5T64OxAUr0_t_Wv--z&#038;domain=embed&#038;dynamicStreaming=true\" \/><param name=\"base\" value=\"http:\/\/admin.brightcove.com\" \/><param name=\"wmode\" value=\"transparent\" \/><param name=\"seamlesstabbing\" value=\"false\" \/><param name=\"allowFullScreen\" value=\"true\" \/><param name=\"swLiveConnect\" value=\"true\" \/><param name=\"allowScriptAccess\" value=\"always\" \/><\/object><\/p>\n","protected":false},"excerpt":{"rendered":"<p>M\u00edralos! :) VIDEO: El President Fabra asiste a la entrega del &#8216;Premio Samaranch&#8217; al tenista David  [&hellip;]<\/p>\n","protected":false},"author":1,"featured_media":1226,"comment_status":"open","ping_status":"open","sticky":false,"template":"","format":"standard","meta":{"footnotes":""},"categories":[4],"tags":[24,31,45,32],"class_list":{"0":"post-1213","1":"post","2":"type-post","3":"status-publish","4":"format-standard","5":"has-post-thumbnail","7":"category-news","8":"tag-news","9":"tag-off-court","10":"tag-valencia","11":"tag-video","12":"czr-hentry"},"aioseo_notices":[],"jetpack_featured_media_url":"https:\/\/platino-davidferrer.com\/wp-content\/uploads\/2015\/03\/smr.jpg","_links":{"self":[{"href":"https:\/\/platino-davidferrer.com\/index.php?rest_route=\/wp\/v2\/posts\/1213","targetHints":{"allow":["GET"]}}],"collection":[{"href":"https:\/\/platino-davidferrer.com\/index.php?rest_route=\/wp\/v2\/posts"}],"about":[{"href":"https:\/\/platino-davidferrer.com\/index.php?rest_route=\/wp\/v2\/types\/post"}],"author":[{"embeddable":true,"href":"https:\/\/platino-davidferrer.com\/index.php?rest_route=\/wp\/v2\/users\/1"}],"replies":[{"embeddable":true,"href":"https:\/\/platino-davidferrer.com\/index.php?rest_route=%2Fwp%2Fv2%2Fcomments&post=1213"}],"version-history":[{"count":0,"href":"https:\/\/platino-davidferrer.com\/index.php?rest_route=\/wp\/v2\/posts\/1213\/revisions"}],"wp:featuredmedia":[{"embeddable":true,"href":"https:\/\/platino-davidferrer.com\/index.php?rest_route=\/wp\/v2\/media\/1226"}],"wp:attachment":[{"href":"https:\/\/platino-davidferrer.com\/index.php?rest_route=%2Fwp%2Fv2%2Fmedia&parent=1213"}],"wp:term":[{"taxonomy":"category","embeddable":true,"href":"https:\/\/platino-davidferrer.com\/index.php?rest_route=%2Fwp%2Fv2%2Fcategories&post=1213"},{"taxonomy":"post_tag","embeddable":true,"href":"https:\/\/platino-davidferrer.com\/index.php?rest_route=%2Fwp%2Fv2%2Ftags&post=1213"}],"curies":[{"name":"wp","href":"https:\/\/api.w.org\/{rel}","templated":true}]}}