{"id":1341,"date":"2015-02-26T23:13:21","date_gmt":"2015-02-26T23:13:21","guid":{"rendered":"https:\/\/platino-davidferrer.com\/?p=1341"},"modified":"2015-03-09T17:13:59","modified_gmt":"2015-03-09T17:13:59","slug":"get-2nd-round-and-quarterfinals","status":"publish","type":"post","link":"https:\/\/platino-davidferrer.com\/?p=1341","title":{"rendered":"Get the 2nd round and into quarter finals!"},"content":{"rendered":"<p><strong>Enhorabuena!!!<br \/>\nDavid Ferrer gana a M.Matosevic por 7-6 y 6-4. Su pr\u00f3ximo rival en Abierto Mexicano ser\u00e1 Bernard Tomic!!!<\/strong><\/p>\n<p style=\"margin-bottom:3em;\">\n<a href=\"https:\/\/platino-davidferrer.com\/wp-content\/uploads\/2015\/03\/2nd-Selfie.jpg\"><img loading=\"lazy\" decoding=\"async\" src=\"https:\/\/platino-davidferrer.com\/wp-content\/uploads\/2015\/03\/2nd-Selfie-300x300.jpg\" alt=\"2nd Selfie\" width=\"300\" height=\"300\" class=\"alignnone size-medium wp-image-1342\" srcset=\"https:\/\/platino-davidferrer.com\/wp-content\/uploads\/2015\/03\/2nd-Selfie-300x300.jpg 300w, https:\/\/platino-davidferrer.com\/wp-content\/uploads\/2015\/03\/2nd-Selfie-150x150.jpg 150w, https:\/\/platino-davidferrer.com\/wp-content\/uploads\/2015\/03\/2nd-Selfie.jpg 640w\" sizes=\"auto, (max-width: 300px) 100vw, 300px\" \/><\/a>\u3000<a href=\"https:\/\/platino-davidferrer.com\/wp-content\/uploads\/2015\/03\/2nd3.jpg\"><img loading=\"lazy\" decoding=\"async\" src=\"https:\/\/platino-davidferrer.com\/wp-content\/uploads\/2015\/03\/2nd3-300x300.jpg\" alt=\"2nd3\" width=\"300\" height=\"300\" class=\"alignnone size-medium wp-image-1351\" srcset=\"https:\/\/platino-davidferrer.com\/wp-content\/uploads\/2015\/03\/2nd3-300x300.jpg 300w, https:\/\/platino-davidferrer.com\/wp-content\/uploads\/2015\/03\/2nd3-150x150.jpg 150w, https:\/\/platino-davidferrer.com\/wp-content\/uploads\/2015\/03\/2nd3.jpg 800w\" sizes=\"auto, (max-width: 300px) 100vw, 300px\" \/><\/a><br \/>\n<strong>Today&#8217;s SELFIE!<\/strong><\/p>\n<p style=\"margin-bottom:3em;\">\n<p><a href=\"https:\/\/platino-davidferrer.com\/wp-content\/uploads\/2015\/03\/2nd2.jpg\"><img loading=\"lazy\" decoding=\"async\" src=\"https:\/\/platino-davidferrer.com\/wp-content\/uploads\/2015\/03\/2nd2-150x150.jpg\" alt=\"2nd2\" width=\"150\" height=\"150\" class=\"alignnone size-thumbnail wp-image-1348\" srcset=\"https:\/\/platino-davidferrer.com\/wp-content\/uploads\/2015\/03\/2nd2-150x150.jpg 150w, https:\/\/platino-davidferrer.com\/wp-content\/uploads\/2015\/03\/2nd2-300x300.jpg 300w, https:\/\/platino-davidferrer.com\/wp-content\/uploads\/2015\/03\/2nd2.jpg 720w\" sizes=\"auto, (max-width: 150px) 100vw, 150px\" \/><\/a>\u3000<a href=\"https:\/\/platino-davidferrer.com\/wp-content\/uploads\/2015\/03\/QFH2H.jpg\"><img loading=\"lazy\" decoding=\"async\" src=\"https:\/\/platino-davidferrer.com\/wp-content\/uploads\/2015\/03\/QFH2H-150x150.jpg\" alt=\"QFH2H\" width=\"150\" height=\"150\" class=\"alignnone size-thumbnail wp-image-1352\" \/><\/a><\/p>\n<p style=\"margin-bottom:2em;\">\nDavid jugar\u00e1 ma\u00f1ana el partido de cuartos de final en Abierto Mexicano contra B.Tomic de la Cancha Central aprox 22pm (5am en Espa\u00f1a).<br \/>\nDavid will play tomorrow in the quarter finals at Abierto Mexicano against Bernard Tomic at Cancha Central approx 22pm (5am in Spain).<\/p>\n<p style=\"margin-bottom:2em;\">\nVamos David!!!!!<\/p>\n<p style=\"margin-bottom:3em;\">\n<strong><em>David said at press conference.<br \/>\n&#8220;Nishikori es el que mejor tenis est\u00e1 jugando actualmente.<br \/>\nSiempre es agradable tener el apoyo del p\u00fablico. Es una raz\u00f3n por las cual sigo viniendo a Acapulco&#8221;.<\/em><br \/>\n<\/strong><br \/>\n<iframe loading=\"lazy\" width=\"400\" height=\"315\" src=\"\/\/www.youtube.com\/embed\/xhA4ZNHZahc?rel=0\" frameborder=\"0\" allowfullscreen><\/iframe><br \/>\n<strong>Acapulco 2015 Wednesday Hot Shot Ferrer (via ATP WorldTour)<\/strong><\/p>\n<p><iframe loading=\"lazy\" width=\"400\" height=\"315\" src=\"\/\/www.youtube.com\/embed\/x3HnZG6uCAA?rel=0\" frameborder=\"0\" allowfullscreen><\/iframe><br \/>\n<strong>No al retiro, dice David Ferrer (via NotimexTV)<\/strong><\/p>\n","protected":false},"excerpt":{"rendered":"<p>Enhorabuena!!! David Ferrer gana a M.Matosevic por 7-6 y 6-4. Su pr\u00f3ximo rival en Abierto Mexicano ser\u00e1 Bernar [&hellip;]<\/p>\n","protected":false},"author":1,"featured_media":1351,"comment_status":"open","ping_status":"open","sticky":false,"template":"","format":"standard","meta":{"footnotes":""},"categories":[22],"tags":[44,11,32],"class_list":{"0":"post-1341","1":"post","2":"type-post","3":"status-publish","4":"format-standard","5":"has-post-thumbnail","7":"category-tournament","8":"tag-abierto-mexicano-2015","9":"tag-photo","10":"tag-video","11":"czr-hentry"},"aioseo_notices":[],"jetpack_featured_media_url":"https:\/\/platino-davidferrer.com\/wp-content\/uploads\/2015\/03\/2nd3.jpg","_links":{"self":[{"href":"https:\/\/platino-davidferrer.com\/index.php?rest_route=\/wp\/v2\/posts\/1341","targetHints":{"allow":["GET"]}}],"collection":[{"href":"https:\/\/platino-davidferrer.com\/index.php?rest_route=\/wp\/v2\/posts"}],"about":[{"href":"https:\/\/platino-davidferrer.com\/index.php?rest_route=\/wp\/v2\/types\/post"}],"author":[{"embeddable":true,"href":"https:\/\/platino-davidferrer.com\/index.php?rest_route=\/wp\/v2\/users\/1"}],"replies":[{"embeddable":true,"href":"https:\/\/platino-davidferrer.com\/index.php?rest_route=%2Fwp%2Fv2%2Fcomments&post=1341"}],"version-history":[{"count":0,"href":"https:\/\/platino-davidferrer.com\/index.php?rest_route=\/wp\/v2\/posts\/1341\/revisions"}],"wp:featuredmedia":[{"embeddable":true,"href":"https:\/\/platino-davidferrer.com\/index.php?rest_route=\/wp\/v2\/media\/1351"}],"wp:attachment":[{"href":"https:\/\/platino-davidferrer.com\/index.php?rest_route=%2Fwp%2Fv2%2Fmedia&parent=1341"}],"wp:term":[{"taxonomy":"category","embeddable":true,"href":"https:\/\/platino-davidferrer.com\/index.php?rest_route=%2Fwp%2Fv2%2Fcategories&post=1341"},{"taxonomy":"post_tag","embeddable":true,"href":"https:\/\/platino-davidferrer.com\/index.php?rest_route=%2Fwp%2Fv2%2Ftags&post=1341"}],"curies":[{"name":"wp","href":"https:\/\/api.w.org\/{rel}","templated":true}]}}