{"id":1390,"date":"2015-03-08T23:16:20","date_gmt":"2015-03-08T23:16:20","guid":{"rendered":"https:\/\/platino-davidferrer.com\/?p=1390"},"modified":"2015-03-12T06:00:17","modified_gmt":"2015-03-12T06:00:17","slug":"find-some-pics-before-the-battle","status":"publish","type":"post","link":"https:\/\/platino-davidferrer.com\/?p=1390","title":{"rendered":"Find some pics before the battle"},"content":{"rendered":"<p style=\"margin-bottom:2em;\">\n<strong>I found some pics before the battle!!! :)<\/strong><\/p>\n<p style=\"margin-bottom:3em;\">\n<a href=\"https:\/\/platino-davidferrer.com\/wp-content\/uploads\/2015\/03\/ed.jpg\"><img loading=\"lazy\" decoding=\"async\" src=\"https:\/\/platino-davidferrer.com\/wp-content\/uploads\/2015\/03\/ed-300x168.jpg\" alt=\"gran ekipo junto al campeon\" width=\"300\" height=\"168\" class=\"alignnone size-medium wp-image-1391\" srcset=\"https:\/\/platino-davidferrer.com\/wp-content\/uploads\/2015\/03\/ed-300x168.jpg 300w, https:\/\/platino-davidferrer.com\/wp-content\/uploads\/2015\/03\/ed.jpg 1023w\" sizes=\"auto, (max-width: 300px) 100vw, 300px\" \/><\/a><br \/>\n<strong>Muy buena foto con David y su equipo!!! (foto via @eduardo_bueno12 Gracias!)<br \/>\n<\/strong><\/p>\n<p style=\"margin-bottom:3em;\">\n<a href=\"https:\/\/platino-davidferrer.com\/wp-content\/uploads\/2015\/03\/tenispoint.jpg\"><img loading=\"lazy\" decoding=\"async\" src=\"https:\/\/platino-davidferrer.com\/wp-content\/uploads\/2015\/03\/tenispoint-300x225.jpg\" alt=\"tenispoint\" width=\"300\" height=\"225\" class=\"alignnone size-medium wp-image-1395\" srcset=\"https:\/\/platino-davidferrer.com\/wp-content\/uploads\/2015\/03\/tenispoint-300x225.jpg 300w, https:\/\/platino-davidferrer.com\/wp-content\/uploads\/2015\/03\/tenispoint.jpg 600w\" sizes=\"auto, (max-width: 300px) 100vw, 300px\" \/><\/a>\u3000<a href=\"https:\/\/platino-davidferrer.com\/wp-content\/uploads\/2015\/03\/tenispoint2.jpg\"><img loading=\"lazy\" decoding=\"async\" src=\"https:\/\/platino-davidferrer.com\/wp-content\/uploads\/2015\/03\/tenispoint2-300x225.jpg\" alt=\"tenispoint2\" width=\"300\" height=\"225\" class=\"alignnone size-medium wp-image-1396\" srcset=\"https:\/\/platino-davidferrer.com\/wp-content\/uploads\/2015\/03\/tenispoint2-300x225.jpg 300w, https:\/\/platino-davidferrer.com\/wp-content\/uploads\/2015\/03\/tenispoint2.jpg 600w\" sizes=\"auto, (max-width: 300px) 100vw, 300px\" \/><\/a><br \/>\n<strong>There&#8217;re 5 month ago, but great pics of David! Gracias! Tenis Point Valencia! (@tenispoint) <\/strong><\/p>\n<p style=\"margin-bottom:3em;\">\n<a href=\"https:\/\/platino-davidferrer.com\/wp-content\/uploads\/2015\/03\/ent.jpg\"><img loading=\"lazy\" decoding=\"async\" src=\"https:\/\/platino-davidferrer.com\/wp-content\/uploads\/2015\/03\/ent-300x225.jpg\" alt=\"ent\" width=\"300\" height=\"225\" class=\"alignnone size-medium wp-image-1399\" srcset=\"https:\/\/platino-davidferrer.com\/wp-content\/uploads\/2015\/03\/ent-300x225.jpg 300w, https:\/\/platino-davidferrer.com\/wp-content\/uploads\/2015\/03\/ent.jpg 599w\" sizes=\"auto, (max-width: 300px) 100vw, 300px\" \/><\/a><br \/>\n<strong>David Ferrer todo un campe\u00f3n entrenando con And\u00fajar esta ma\u00f1ana .Orgullo de ser valenciano!!<br \/>\n(via @tenispoint, Gracias!!!)<\/strong><\/p>\n","protected":false},"excerpt":{"rendered":"<p>I found some pics before the battle!!! :) Muy buena foto con David y su equipo!!! (foto via @eduardo_bueno12 G [&hellip;]<\/p>\n","protected":false},"author":1,"featured_media":1391,"comment_status":"open","ping_status":"open","sticky":false,"template":"","format":"standard","meta":{"footnotes":""},"categories":[33],"tags":[31,11],"class_list":{"0":"post-1390","1":"post","2":"type-post","3":"status-publish","4":"format-standard","5":"has-post-thumbnail","7":"category-off-court","8":"tag-off-court","9":"tag-photo","10":"czr-hentry"},"aioseo_notices":[],"jetpack_featured_media_url":"https:\/\/platino-davidferrer.com\/wp-content\/uploads\/2015\/03\/ed.jpg","_links":{"self":[{"href":"https:\/\/platino-davidferrer.com\/index.php?rest_route=\/wp\/v2\/posts\/1390","targetHints":{"allow":["GET"]}}],"collection":[{"href":"https:\/\/platino-davidferrer.com\/index.php?rest_route=\/wp\/v2\/posts"}],"about":[{"href":"https:\/\/platino-davidferrer.com\/index.php?rest_route=\/wp\/v2\/types\/post"}],"author":[{"embeddable":true,"href":"https:\/\/platino-davidferrer.com\/index.php?rest_route=\/wp\/v2\/users\/1"}],"replies":[{"embeddable":true,"href":"https:\/\/platino-davidferrer.com\/index.php?rest_route=%2Fwp%2Fv2%2Fcomments&post=1390"}],"version-history":[{"count":0,"href":"https:\/\/platino-davidferrer.com\/index.php?rest_route=\/wp\/v2\/posts\/1390\/revisions"}],"wp:featuredmedia":[{"embeddable":true,"href":"https:\/\/platino-davidferrer.com\/index.php?rest_route=\/wp\/v2\/media\/1391"}],"wp:attachment":[{"href":"https:\/\/platino-davidferrer.com\/index.php?rest_route=%2Fwp%2Fv2%2Fmedia&parent=1390"}],"wp:term":[{"taxonomy":"category","embeddable":true,"href":"https:\/\/platino-davidferrer.com\/index.php?rest_route=%2Fwp%2Fv2%2Fcategories&post=1390"},{"taxonomy":"post_tag","embeddable":true,"href":"https:\/\/platino-davidferrer.com\/index.php?rest_route=%2Fwp%2Fv2%2Ftags&post=1390"}],"curies":[{"name":"wp","href":"https:\/\/api.w.org\/{rel}","templated":true}]}}