{"id":1572,"date":"2015-03-15T09:02:12","date_gmt":"2015-03-15T09:02:12","guid":{"rendered":"https:\/\/platino-davidferrer.com\/?p=1572"},"modified":"2015-03-15T09:02:12","modified_gmt":"2015-03-15T09:02:12","slug":"dramatica-victoria","status":"publish","type":"post","link":"https:\/\/platino-davidferrer.com\/?p=1572","title":{"rendered":"Dram\u00e1tica victoria!!"},"content":{"rendered":"<p><strong>David Ferrer acab\u00f3 imponi\u00e9ndose, 4-6, 6-1, 7-6 (6) tras dos horas y 42 minutos a Ivan Dodig. En tercera ronda, pr\u00f3ximo rival ser\u00e1 Bernard.Tomic.<\/strong><br \/>\nDavid Ferrer eventually won, 4-6, 6-1, 7-6 (6) after two hours and 42 minutes against Ivan Dodig. In the third round, next opponent will be Bernard Tomic.<\/p>\n<p><a href=\"https:\/\/platino-davidferrer.com\/wp-content\/uploads\/2015\/03\/iwr2_2.jpg\"><img loading=\"lazy\" decoding=\"async\" src=\"https:\/\/platino-davidferrer.com\/wp-content\/uploads\/2015\/03\/iwr2_2-300x226.jpg\" alt=\"John G. Mabanglo - EFE\" width=\"300\" height=\"226\" class=\"alignnone size-medium wp-image-1592\" srcset=\"https:\/\/platino-davidferrer.com\/wp-content\/uploads\/2015\/03\/iwr2_2-300x226.jpg 300w, https:\/\/platino-davidferrer.com\/wp-content\/uploads\/2015\/03\/iwr2_2.jpg 652w\" sizes=\"auto, (max-width: 300px) 100vw, 300px\" \/><\/a><br \/>\n(foto via : John G. Mabanglo &#8211; EFE, Thank you!) <\/p>\n<p><a href=\"https:\/\/platino-davidferrer.com\/wp-content\/uploads\/2015\/03\/CL01.jpg\"><img loading=\"lazy\" decoding=\"async\" src=\"https:\/\/platino-davidferrer.com\/wp-content\/uploads\/2015\/03\/CL01-150x150.jpg\" alt=\"foto via Christopher Levy\" width=\"150\" height=\"150\" class=\"alignnone size-thumbnail wp-image-1574\" \/><\/a>\u3000<a href=\"https:\/\/platino-davidferrer.com\/wp-content\/uploads\/2015\/03\/CL02.jpg\"><img loading=\"lazy\" decoding=\"async\" src=\"https:\/\/platino-davidferrer.com\/wp-content\/uploads\/2015\/03\/CL02-150x150.jpg\" alt=\"foto via Christopher Levy\" width=\"150\" height=\"150\" class=\"alignnone size-thumbnail wp-image-1575\" \/><\/a>\u3000<a href=\"https:\/\/platino-davidferrer.com\/wp-content\/uploads\/2015\/03\/CL06.jpg\"><img loading=\"lazy\" decoding=\"async\" src=\"https:\/\/platino-davidferrer.com\/wp-content\/uploads\/2015\/03\/CL06-150x150.jpg\" alt=\"foto via Christopher Levy\" width=\"150\" height=\"150\" class=\"alignnone size-thumbnail wp-image-1578\" \/><\/a>\u3000<a href=\"https:\/\/platino-davidferrer.com\/wp-content\/uploads\/2015\/03\/CL05.jpg\"><img loading=\"lazy\" decoding=\"async\" src=\"https:\/\/platino-davidferrer.com\/wp-content\/uploads\/2015\/03\/CL05-150x150.jpg\" alt=\"foto via Christopher Levy\" width=\"150\" height=\"150\" class=\"alignnone size-thumbnail wp-image-1577\" \/><\/a><\/p>\n<p><a href=\"https:\/\/platino-davidferrer.com\/wp-content\/uploads\/2015\/03\/CL03.jpg\"><img loading=\"lazy\" decoding=\"async\" src=\"https:\/\/platino-davidferrer.com\/wp-content\/uploads\/2015\/03\/CL03-150x150.jpg\" alt=\"foto via Christopher Levy\" width=\"150\" height=\"150\" class=\"alignnone size-thumbnail wp-image-1576\" \/><\/a>\u3000<a href=\"https:\/\/platino-davidferrer.com\/wp-content\/uploads\/2015\/03\/CL07.jpg\"><img loading=\"lazy\" decoding=\"async\" src=\"https:\/\/platino-davidferrer.com\/wp-content\/uploads\/2015\/03\/CL07-150x150.jpg\" alt=\"foto via Christopher Levy\" width=\"150\" height=\"150\" class=\"alignnone size-thumbnail wp-image-1579\" \/><\/a>\u3000<a href=\"https:\/\/platino-davidferrer.com\/wp-content\/uploads\/2015\/03\/CL08.jpg\"><img loading=\"lazy\" decoding=\"async\" src=\"https:\/\/platino-davidferrer.com\/wp-content\/uploads\/2015\/03\/CL08-150x150.jpg\" alt=\"foto via Christopher Levy\" width=\"150\" height=\"150\" class=\"alignnone size-thumbnail wp-image-1580\" \/><\/a>\u3000<a href=\"https:\/\/platino-davidferrer.com\/wp-content\/uploads\/2015\/03\/CL09.jpg\"><img loading=\"lazy\" decoding=\"async\" src=\"https:\/\/platino-davidferrer.com\/wp-content\/uploads\/2015\/03\/CL09-150x150.jpg\" alt=\"foto via Christopher Levy\" width=\"150\" height=\"150\" class=\"alignnone size-thumbnail wp-image-1581\" \/><\/a><\/p>\n<p>\uff08foto via Christopher Levy \u200f@tennis_shots, Thank you!!)<\/p>\n<p style=\"margin-bottom:3em;\">\n<p>Articles<\/p>\n<p><strong><a href=\"http:\/\/www.marca.com\/2015\/03\/15\/tenis\/1426399794.html\" target=\"_blank\">Apuros para Ferrer y Feliciano en Indian Wells<\/a><\/strong><br \/>\n(via marca.com)<\/p>\n<p><strong><a href=\"http:\/\/tenis.as.com\/tenis\/2015\/03\/15\/masters_1000\/1426390036_457727.html\" target=\"_blank\">David Ferrer, dram\u00e1tica victoria n\u00famero 19 en 20 partidos<\/a><\/strong><br \/>\n(via tenis as.com)<\/p>\n<p><strong><a href=\"http:\/\/www.mundodeportivo.com\/tenis\/20150315\/102593840638\/david-ferrer-sufre-para-pasar-a-tercera-ronda.html\" target=\"_blank\">David Ferrer sufre para pasar a tercera ronda<\/a><\/strong><br \/>\n(via mundodeportivo.com)<\/p>\n<p><strong><a href=\"http:\/\/www.puntodebreak.com\/2015\/03\/15\/sabado-indian-wells-ferrer-gana-guerra\" target=\"_blank\">S\u00e1bado en Indian Wells: Ferrer gana una guerra<\/a><\/strong><br \/>\n(via puntodebreak.com)<\/p>\n<p style=\"margin-bottom:3em;\">\n<p><strong>En Dobles!<\/strong><\/p>\n<p><strong>David Ferrer and Fernando Verdasco will play tomorrow in doubles at BNP PARIBAS OPEN against Bopanna y Nestor in the 5th game at Stadium5!<\/strong><br \/>\nDavid Ferrer y Fernando Verdasco jugar\u00e1n ma\u00f1ana en dobles BNP PARIBAS OPEN ante Bopanna y Nestor en quinto turno de Stadium 5!<br \/>\n<strong>Vamos!!!!!<\/strong><\/p>\n<p>(Aprox 17:00-18:00 local, 1:00-2:00 en Spain)<\/p>\n","protected":false},"excerpt":{"rendered":"<p>David Ferrer acab\u00f3 imponi\u00e9ndose, 4-6, 6-1, 7-6 (6) tras dos horas y 42 minutos a Ivan Dodig. En tercera ronda, [&hellip;]<\/p>\n","protected":false},"author":1,"featured_media":1592,"comment_status":"open","ping_status":"open","sticky":false,"template":"","format":"standard","meta":{"footnotes":""},"categories":[22],"tags":[46,11],"class_list":{"0":"post-1572","1":"post","2":"type-post","3":"status-publish","4":"format-standard","5":"has-post-thumbnail","7":"category-tournament","8":"tag-bnp-paribas-open-2015","9":"tag-photo","10":"czr-hentry"},"aioseo_notices":[],"jetpack_featured_media_url":"https:\/\/platino-davidferrer.com\/wp-content\/uploads\/2015\/03\/iwr2_2.jpg","_links":{"self":[{"href":"https:\/\/platino-davidferrer.com\/index.php?rest_route=\/wp\/v2\/posts\/1572","targetHints":{"allow":["GET"]}}],"collection":[{"href":"https:\/\/platino-davidferrer.com\/index.php?rest_route=\/wp\/v2\/posts"}],"about":[{"href":"https:\/\/platino-davidferrer.com\/index.php?rest_route=\/wp\/v2\/types\/post"}],"author":[{"embeddable":true,"href":"https:\/\/platino-davidferrer.com\/index.php?rest_route=\/wp\/v2\/users\/1"}],"replies":[{"embeddable":true,"href":"https:\/\/platino-davidferrer.com\/index.php?rest_route=%2Fwp%2Fv2%2Fcomments&post=1572"}],"version-history":[{"count":0,"href":"https:\/\/platino-davidferrer.com\/index.php?rest_route=\/wp\/v2\/posts\/1572\/revisions"}],"wp:featuredmedia":[{"embeddable":true,"href":"https:\/\/platino-davidferrer.com\/index.php?rest_route=\/wp\/v2\/media\/1592"}],"wp:attachment":[{"href":"https:\/\/platino-davidferrer.com\/index.php?rest_route=%2Fwp%2Fv2%2Fmedia&parent=1572"}],"wp:term":[{"taxonomy":"category","embeddable":true,"href":"https:\/\/platino-davidferrer.com\/index.php?rest_route=%2Fwp%2Fv2%2Fcategories&post=1572"},{"taxonomy":"post_tag","embeddable":true,"href":"https:\/\/platino-davidferrer.com\/index.php?rest_route=%2Fwp%2Fv2%2Ftags&post=1572"}],"curies":[{"name":"wp","href":"https:\/\/api.w.org\/{rel}","templated":true}]}}