{"id":1621,"date":"2015-02-21T23:52:01","date_gmt":"2015-02-21T23:52:01","guid":{"rendered":"https:\/\/platino-davidferrer.com\/?p=1621"},"modified":"2015-03-16T07:57:18","modified_gmt":"2015-03-16T07:57:18","slug":"manana-es-la-final-de-rio","status":"publish","type":"post","link":"https:\/\/platino-davidferrer.com\/?p=1621","title":{"rendered":"Ma\u00f1ana es la final de Rio!"},"content":{"rendered":"<p><strong>Enhorabuena!<br \/>\nDavid gana a A.Haider-Maurer por 7-5 y 6-1. Su pr\u00f3ximo rival en Rio OpenOficial ser\u00e1 Fabio Fognini!<\/strong><\/p>\n<p><a href=\"https:\/\/platino-davidferrer.com\/wp-content\/uploads\/2015\/03\/riosemi.jpg\"><img loading=\"lazy\" decoding=\"async\" src=\"https:\/\/platino-davidferrer.com\/wp-content\/uploads\/2015\/03\/riosemi-300x225.jpg\" alt=\"in rio semifinales\" width=\"300\" height=\"225\" class=\"alignnone size-medium wp-image-1626\" srcset=\"https:\/\/platino-davidferrer.com\/wp-content\/uploads\/2015\/03\/riosemi-300x225.jpg 300w, https:\/\/platino-davidferrer.com\/wp-content\/uploads\/2015\/03\/riosemi.jpg 1023w\" sizes=\"auto, (max-width: 300px) 100vw, 300px\" \/><\/a><\/p>\n<p><a href=\"https:\/\/platino-davidferrer.com\/wp-content\/uploads\/2015\/03\/SEri.jpg\"><img loading=\"lazy\" decoding=\"async\" src=\"https:\/\/platino-davidferrer.com\/wp-content\/uploads\/2015\/03\/SEri-150x150.jpg\" alt=\"SEri\" width=\"150\" height=\"150\" class=\"alignnone size-thumbnail wp-image-1628\" srcset=\"https:\/\/platino-davidferrer.com\/wp-content\/uploads\/2015\/03\/SEri-150x150.jpg 150w, https:\/\/platino-davidferrer.com\/wp-content\/uploads\/2015\/03\/SEri-300x300.jpg 300w, https:\/\/platino-davidferrer.com\/wp-content\/uploads\/2015\/03\/SEri.jpg 800w\" sizes=\"auto, (max-width: 150px) 100vw, 150px\" \/><\/a>\u3000<a href=\"https:\/\/platino-davidferrer.com\/wp-content\/uploads\/2015\/03\/sf2.jpg\"><img loading=\"lazy\" decoding=\"async\" src=\"https:\/\/platino-davidferrer.com\/wp-content\/uploads\/2015\/03\/sf2-150x150.jpg\" alt=\"sf2\" width=\"150\" height=\"150\" class=\"alignnone size-thumbnail wp-image-1629\" \/><\/a><br \/>\n(foto via ATP World Tour, Maria Garcia-Planas&#8230; Thank you!)<\/p>\n<p style=\"margin-bottom:3em;\">\n<p><strong><a href=\"http:\/\/www.elconfidencial.com\/ultima-hora-en-vivo\/2015-02-22\/david-ferrer-contra-fognini-el-cara-a-cara-es-mas-favorable_502004\/\" target=\"_blank\">David Ferrer: &#8220;Contra Fognini el cara a cara es m\u00e1s favorable&#8221;<\/a><\/strong><br \/>\n(elconfidencial.com)<\/p>\n<p style=\"margin-bottom:3em;\">\n<p><iframe loading=\"lazy\" width=\"400\" height=\"315\" src=\"\/\/www.youtube.com\/embed\/PQyIF42fUuw?rel=0\" frameborder=\"0\" allowfullscreen><\/iframe><br \/>\n<strong>Rio de Janeiro 2015 Saturday Interview Ferrer<br \/>\n<\/strong><\/p>\n<p style=\"margin-bottom:3em;\">\n<p><strong>En la final de Rio Open!!!<\/strong><\/p>\n<p>David Ferrer jugar\u00e1 ma\u00f1ana la final del torneo de Rio Open contra  fabio fognini no antes de las 18h local (21h de Espa\u00f1a).<br \/>\nDavid Ferrer will play tomorrow in the Final of Rio Open against fabio fognini at Centre Court not before 18 local(21h Spain).<br \/>\n<strong>Mucha suerte!!<\/strong><br \/>\n<a href=\"https:\/\/platino-davidferrer.com\/wp-content\/uploads\/2015\/03\/rio-final.jpg\"><img loading=\"lazy\" decoding=\"async\" src=\"https:\/\/platino-davidferrer.com\/wp-content\/uploads\/2015\/03\/rio-final-237x300.jpg\" alt=\"rio final\" width=\"237\" height=\"300\" class=\"alignnone size-medium wp-image-1624\" srcset=\"https:\/\/platino-davidferrer.com\/wp-content\/uploads\/2015\/03\/rio-final-237x300.jpg 237w, https:\/\/platino-davidferrer.com\/wp-content\/uploads\/2015\/03\/rio-final.jpg 600w\" sizes=\"auto, (max-width: 237px) 100vw, 237px\" \/><\/a><\/p>\n","protected":false},"excerpt":{"rendered":"<p>Enhorabuena! David gana a A.Haider-Maurer por 7-5 y 6-1. Su pr\u00f3ximo rival en Rio OpenOficial ser\u00e1 Fabio Fognin [&hellip;]<\/p>\n","protected":false},"author":1,"featured_media":1626,"comment_status":"open","ping_status":"open","sticky":false,"template":"","format":"standard","meta":{"footnotes":""},"categories":[22],"tags":[11,43,32],"class_list":{"0":"post-1621","1":"post","2":"type-post","3":"status-publish","4":"format-standard","5":"has-post-thumbnail","7":"category-tournament","8":"tag-photo","9":"tag-rio-open-2015","10":"tag-video","11":"czr-hentry"},"aioseo_notices":[],"jetpack_featured_media_url":"https:\/\/platino-davidferrer.com\/wp-content\/uploads\/2015\/03\/riosemi.jpg","_links":{"self":[{"href":"https:\/\/platino-davidferrer.com\/index.php?rest_route=\/wp\/v2\/posts\/1621","targetHints":{"allow":["GET"]}}],"collection":[{"href":"https:\/\/platino-davidferrer.com\/index.php?rest_route=\/wp\/v2\/posts"}],"about":[{"href":"https:\/\/platino-davidferrer.com\/index.php?rest_route=\/wp\/v2\/types\/post"}],"author":[{"embeddable":true,"href":"https:\/\/platino-davidferrer.com\/index.php?rest_route=\/wp\/v2\/users\/1"}],"replies":[{"embeddable":true,"href":"https:\/\/platino-davidferrer.com\/index.php?rest_route=%2Fwp%2Fv2%2Fcomments&post=1621"}],"version-history":[{"count":0,"href":"https:\/\/platino-davidferrer.com\/index.php?rest_route=\/wp\/v2\/posts\/1621\/revisions"}],"wp:featuredmedia":[{"embeddable":true,"href":"https:\/\/platino-davidferrer.com\/index.php?rest_route=\/wp\/v2\/media\/1626"}],"wp:attachment":[{"href":"https:\/\/platino-davidferrer.com\/index.php?rest_route=%2Fwp%2Fv2%2Fmedia&parent=1621"}],"wp:term":[{"taxonomy":"category","embeddable":true,"href":"https:\/\/platino-davidferrer.com\/index.php?rest_route=%2Fwp%2Fv2%2Fcategories&post=1621"},{"taxonomy":"post_tag","embeddable":true,"href":"https:\/\/platino-davidferrer.com\/index.php?rest_route=%2Fwp%2Fv2%2Ftags&post=1621"}],"curies":[{"name":"wp","href":"https:\/\/api.w.org\/{rel}","templated":true}]}}