{"id":1679,"date":"2015-02-17T23:47:55","date_gmt":"2015-02-17T23:47:55","guid":{"rendered":"https:\/\/platino-davidferrer.com\/?p=1679"},"modified":"2015-03-17T17:52:32","modified_gmt":"2015-03-17T17:52:32","slug":"will-debut-tomorrow-and-video-from-rio","status":"publish","type":"post","link":"https:\/\/platino-davidferrer.com\/?p=1679","title":{"rendered":"Will debut tomorrow and video from RIO!"},"content":{"rendered":"<p><strong>Vamos! David Ferrer will debut tomorrow!!<\/strong><\/p>\n<p>Will debut against Daniel Gimeno-Traver at Centre Court not before 19:00 (22:00 Spain).<br \/>\nDavid Ferrer debutar\u00e1 ma\u00f1ana en Rio Open contra Daniel Gimeno-Traver de la Centre Court no antes de las 19:00 (22:00 Espa\u00f1a).<\/p>\n<p><strong>Mucha suerte, David!!!!!<\/strong><\/p>\n<p><a href=\"https:\/\/platino-davidferrer.com\/wp-content\/uploads\/2015\/03\/RIO1stH2H.jpg\"><img loading=\"lazy\" decoding=\"async\" src=\"https:\/\/platino-davidferrer.com\/wp-content\/uploads\/2015\/03\/RIO1stH2H-290x300.jpg\" alt=\"Rio Open 1st Round H2H\" width=\"290\" height=\"300\" class=\"alignnone size-medium wp-image-1681\" srcset=\"https:\/\/platino-davidferrer.com\/wp-content\/uploads\/2015\/03\/RIO1stH2H-290x300.jpg 290w, https:\/\/platino-davidferrer.com\/wp-content\/uploads\/2015\/03\/RIO1stH2H.jpg 750w\" sizes=\"auto, (max-width: 290px) 100vw, 290px\" \/><\/a><\/p>\n<p style=\"margin-bottom:3em;\">\n<p><strong>And interviwe video!<\/strong><\/p>\n<p><iframe loading=\"lazy\" width=\"400\" height=\"315\" src=\"\/\/www.youtube.com\/embed\/7w5Q0cwneBc?rel=0\" frameborder=\"0\" allowfullscreen><\/iframe><\/p>\n<p><strong>Rio de Janeiro 2015 Ferrer Preview Interview <\/strong><br \/>\n(via ATP World Tour)<\/p>\n","protected":false},"excerpt":{"rendered":"<p>Vamos! David Ferrer will debut tomorrow!! Will debut against Daniel Gimeno-Traver at Centre Court not before 1 [&hellip;]<\/p>\n","protected":false},"author":1,"featured_media":1686,"comment_status":"open","ping_status":"open","sticky":false,"template":"","format":"standard","meta":{"footnotes":""},"categories":[22],"tags":[29,43,32],"class_list":{"0":"post-1679","1":"post","2":"type-post","3":"status-publish","4":"format-standard","5":"has-post-thumbnail","7":"category-tournament","8":"tag-interview","9":"tag-rio-open-2015","10":"tag-video","11":"czr-hentry"},"aioseo_notices":[],"jetpack_featured_media_url":"https:\/\/platino-davidferrer.com\/wp-content\/uploads\/2015\/03\/Rio-Pre.jpg","_links":{"self":[{"href":"https:\/\/platino-davidferrer.com\/index.php?rest_route=\/wp\/v2\/posts\/1679","targetHints":{"allow":["GET"]}}],"collection":[{"href":"https:\/\/platino-davidferrer.com\/index.php?rest_route=\/wp\/v2\/posts"}],"about":[{"href":"https:\/\/platino-davidferrer.com\/index.php?rest_route=\/wp\/v2\/types\/post"}],"author":[{"embeddable":true,"href":"https:\/\/platino-davidferrer.com\/index.php?rest_route=\/wp\/v2\/users\/1"}],"replies":[{"embeddable":true,"href":"https:\/\/platino-davidferrer.com\/index.php?rest_route=%2Fwp%2Fv2%2Fcomments&post=1679"}],"version-history":[{"count":0,"href":"https:\/\/platino-davidferrer.com\/index.php?rest_route=\/wp\/v2\/posts\/1679\/revisions"}],"wp:featuredmedia":[{"embeddable":true,"href":"https:\/\/platino-davidferrer.com\/index.php?rest_route=\/wp\/v2\/media\/1686"}],"wp:attachment":[{"href":"https:\/\/platino-davidferrer.com\/index.php?rest_route=%2Fwp%2Fv2%2Fmedia&parent=1679"}],"wp:term":[{"taxonomy":"category","embeddable":true,"href":"https:\/\/platino-davidferrer.com\/index.php?rest_route=%2Fwp%2Fv2%2Fcategories&post=1679"},{"taxonomy":"post_tag","embeddable":true,"href":"https:\/\/platino-davidferrer.com\/index.php?rest_route=%2Fwp%2Fv2%2Ftags&post=1679"}],"curies":[{"name":"wp","href":"https:\/\/api.w.org\/{rel}","templated":true}]}}