{"id":2042,"date":"2015-04-02T23:15:42","date_gmt":"2015-04-02T23:15:42","guid":{"rendered":"https:\/\/platino-davidferrer.com\/?p=2042"},"modified":"2015-04-04T02:53:44","modified_gmt":"2015-04-04T02:53:44","slug":"feliz-cumpleanos-david-ferrer-33","status":"publish","type":"post","link":"https:\/\/platino-davidferrer.com\/?p=2042","title":{"rendered":"Feliz cumplea\u00f1os David Ferrer 33 a\u00f1os!!!"},"content":{"rendered":"<p><strong>Feliz cumplea\u00f1os nuestro campe\u00f3n, 33 a\u00f1os!! :)<\/strong><br \/>\nte apoyamos con todo nuestro coraz\u00f3n.<\/p>\n<p><a href=\"https:\/\/platino-davidferrer.com\/wp-content\/uploads\/2015\/04\/FelizCumple.jpg\"><img loading=\"lazy\" decoding=\"async\" src=\"https:\/\/platino-davidferrer.com\/wp-content\/uploads\/2015\/04\/FelizCumple-300x300.jpg\" alt=\"FelizCumple, David!!\" width=\"300\" height=\"300\" class=\"alignnone size-medium wp-image-2043\" srcset=\"https:\/\/platino-davidferrer.com\/wp-content\/uploads\/2015\/04\/FelizCumple-300x300.jpg 300w, https:\/\/platino-davidferrer.com\/wp-content\/uploads\/2015\/04\/FelizCumple-150x150.jpg 150w, https:\/\/platino-davidferrer.com\/wp-content\/uploads\/2015\/04\/FelizCumple.jpg 800w\" sizes=\"auto, (max-width: 300px) 100vw, 300px\" \/><\/a><\/p>\n<p><strong>Taken by Ayu at Melbourne 2015<\/strong><\/p>\n<p style=\"margin-bottom:3em;\">\n<p><strong>Hicimos una celebraci\u00f3n v\u00eddeo! Disfrutad mucho.<\/strong><br \/>\nWe made a celebration video for David! Enjoy lot.<\/p>\n<p><iframe loading=\"lazy\" width=\"400\" height=\"315\" src=\"\/\/www.youtube.com\/embed\/TVsXkSc9WBk?rel=0\" frameborder=\"0\" allowfullscreen><\/iframe><\/p>\n<p style=\"margin-bottom:3em;\">\n<p><strong>Y press conference fotos<\/strong><\/p>\n<p><a href=\"https:\/\/platino-davidferrer.com\/wp-content\/uploads\/2015\/04\/hpp.jpg\"><img loading=\"lazy\" decoding=\"async\" src=\"https:\/\/platino-davidferrer.com\/wp-content\/uploads\/2015\/04\/hpp-300x300.jpg\" alt=\"press conference foto\" width=\"300\" height=\"300\" class=\"alignnone size-medium wp-image-2054\" srcset=\"https:\/\/platino-davidferrer.com\/wp-content\/uploads\/2015\/04\/hpp-300x300.jpg 300w, https:\/\/platino-davidferrer.com\/wp-content\/uploads\/2015\/04\/hpp-150x150.jpg 150w, https:\/\/platino-davidferrer.com\/wp-content\/uploads\/2015\/04\/hpp.jpg 800w\" sizes=\"auto, (max-width: 300px) 100vw, 300px\" \/><\/a><\/p>\n<p><a href=\"https:\/\/platino-davidferrer.com\/wp-content\/uploads\/2015\/04\/33birthday05.jpg\"><img loading=\"lazy\" decoding=\"async\" src=\"https:\/\/platino-davidferrer.com\/wp-content\/uploads\/2015\/04\/33birthday05-150x150.jpg\" alt=\"press conference foto\" width=\"150\" height=\"150\" class=\"alignnone size-thumbnail wp-image-2048\" \/><\/a>\u3000<a href=\"https:\/\/platino-davidferrer.com\/wp-content\/uploads\/2015\/04\/33-birthday01.jpg\"><img loading=\"lazy\" decoding=\"async\" src=\"https:\/\/platino-davidferrer.com\/wp-content\/uploads\/2015\/04\/33-birthday01-150x150.jpg\" alt=\"press conference foto\" width=\"150\" height=\"150\" class=\"alignnone size-thumbnail wp-image-2049\" \/><\/a>\u3000<a href=\"https:\/\/platino-davidferrer.com\/wp-content\/uploads\/2015\/04\/33birthday02.jpg\"><img loading=\"lazy\" decoding=\"async\" src=\"https:\/\/platino-davidferrer.com\/wp-content\/uploads\/2015\/04\/33birthday02-150x150.jpg\" alt=\"press conference foto\" width=\"150\" height=\"150\" class=\"alignnone size-thumbnail wp-image-2050\" \/><\/a>\u3000<a href=\"https:\/\/platino-davidferrer.com\/wp-content\/uploads\/2015\/04\/33birthday04.jpg\"><img loading=\"lazy\" decoding=\"async\" src=\"https:\/\/platino-davidferrer.com\/wp-content\/uploads\/2015\/04\/33birthday04-150x150.jpg\" alt=\"press conference foto\" width=\"150\" height=\"150\" class=\"alignnone size-thumbnail wp-image-2052\" \/><\/a><\/p>\n<p>(via ATP World Tour, Nicola Arzani, Carole Bouchard&#8230; Thank You!)<\/p>\n<p style=\"margin-bottom:3em;\">\n<p><strong>And David got a birthday Cake! :)))<\/strong><\/p>\n<p style=\"margin-bottom:3em;\">\n<iframe loading=\"lazy\" width=\"400\" height=\"315\" src=\"\/\/www.youtube.com\/embed\/monn02_8fCw?rel=0\" frameborder=\"0\" allowfullscreen><\/iframe><\/p>\n","protected":false},"excerpt":{"rendered":"<p>Feliz cumplea\u00f1os nuestro campe\u00f3n, 33 a\u00f1os!! :) te apoyamos con todo nuestro coraz\u00f3n. Taken by Ayu at Melbourne [&hellip;]<\/p>\n","protected":false},"author":1,"featured_media":2043,"comment_status":"open","ping_status":"open","sticky":false,"template":"","format":"standard","meta":{"footnotes":""},"categories":[33],"tags":[11,32],"class_list":{"0":"post-2042","1":"post","2":"type-post","3":"status-publish","4":"format-standard","5":"has-post-thumbnail","7":"category-off-court","8":"tag-photo","9":"tag-video","10":"czr-hentry"},"aioseo_notices":[],"jetpack_featured_media_url":"https:\/\/platino-davidferrer.com\/wp-content\/uploads\/2015\/04\/FelizCumple.jpg","_links":{"self":[{"href":"https:\/\/platino-davidferrer.com\/index.php?rest_route=\/wp\/v2\/posts\/2042","targetHints":{"allow":["GET"]}}],"collection":[{"href":"https:\/\/platino-davidferrer.com\/index.php?rest_route=\/wp\/v2\/posts"}],"about":[{"href":"https:\/\/platino-davidferrer.com\/index.php?rest_route=\/wp\/v2\/types\/post"}],"author":[{"embeddable":true,"href":"https:\/\/platino-davidferrer.com\/index.php?rest_route=\/wp\/v2\/users\/1"}],"replies":[{"embeddable":true,"href":"https:\/\/platino-davidferrer.com\/index.php?rest_route=%2Fwp%2Fv2%2Fcomments&post=2042"}],"version-history":[{"count":0,"href":"https:\/\/platino-davidferrer.com\/index.php?rest_route=\/wp\/v2\/posts\/2042\/revisions"}],"wp:featuredmedia":[{"embeddable":true,"href":"https:\/\/platino-davidferrer.com\/index.php?rest_route=\/wp\/v2\/media\/2043"}],"wp:attachment":[{"href":"https:\/\/platino-davidferrer.com\/index.php?rest_route=%2Fwp%2Fv2%2Fmedia&parent=2042"}],"wp:term":[{"taxonomy":"category","embeddable":true,"href":"https:\/\/platino-davidferrer.com\/index.php?rest_route=%2Fwp%2Fv2%2Fcategories&post=2042"},{"taxonomy":"post_tag","embeddable":true,"href":"https:\/\/platino-davidferrer.com\/index.php?rest_route=%2Fwp%2Fv2%2Ftags&post=2042"}],"curies":[{"name":"wp","href":"https:\/\/api.w.org\/{rel}","templated":true}]}}