{"id":2134,"date":"2015-04-06T19:53:25","date_gmt":"2015-04-06T19:53:25","guid":{"rendered":"https:\/\/platino-davidferrer.com\/?p=2134"},"modified":"2015-04-06T19:53:25","modified_gmt":"2015-04-06T19:53:25","slug":"el-dia-de-cumpleanos-de-david-en-valencia-y-xabia","status":"publish","type":"post","link":"https:\/\/platino-davidferrer.com\/?p=2134","title":{"rendered":"El d\u00eda de cumplea\u00f1os de David en Valencia y X\u00e0bia!"},"content":{"rendered":"<p><strong>David tweeted about his birthday from Spain!!! (Valencia y X\u00e0bia)<\/strong><\/p>\n<p style=\"margin-bottom:3em;\">\n<blockquote class=\"twitter-tweet\" lang=\"EN\" xml:lang=\"EN\">\n<blockquote class=\"twitter-tweet\" width=\"550\">\n<p>Ya de vuelta a casa. Aqu\u00ed va una foto con mi equipo en el d\u00eda de mi cumplea\u00f1os. <a href=\"http:\/\/t.co\/Bdkad0JGgt\">pic.twitter.com\/Bdkad0JGgt<\/a><\/p>\n<p>&mdash; David Ferrer (@DavidFerrer87) <a href=\"https:\/\/twitter.com\/DavidFerrer87\/status\/584287685658947584\">April 4, 2015<\/a><\/p><\/blockquote>\n<p><script async src=\"\/\/platform.twitter.com\/widgets.js\" charset=\"utf-8\"><\/script>\n<\/p><\/blockquote>\n<p style=\"margin-bottom:3em;\">\n<blockquote class=\"twitter-tweet\" lang=\"EN\" xml:lang=\"EN\">\n<blockquote class=\"twitter-tweet\" width=\"550\">\n<p>Con mis sobrinos celebrando el cumplea\u00f1os en el CT Xabia! <a href=\"http:\/\/t.co\/fMu8w8tR3H\">pic.twitter.com\/fMu8w8tR3H<\/a><\/p>\n<p>&mdash; David Ferrer (@DavidFerrer87) <a href=\"https:\/\/twitter.com\/DavidFerrer87\/status\/585085404510027776\">April 6, 2015<\/a><\/p><\/blockquote>\n<p><script async src=\"\/\/platform.twitter.com\/widgets.js\" charset=\"utf-8\"><\/script>\n<\/p><\/blockquote>\n<p><strong>Muchas gracias por compartir las las preciosas fotos, David!!!<br \/>\nThank you so much for sharing nice pics, David!! :)))<\/strong><\/p>\n","protected":false},"excerpt":{"rendered":"<p>David tweeted about his birthday from Spain!!! (Valencia y X\u00e0bia) Muchas gracias por compartir las las precios [&hellip;]<\/p>\n","protected":false},"author":1,"featured_media":2138,"comment_status":"open","ping_status":"open","sticky":false,"template":"","format":"standard","meta":{"footnotes":""},"categories":[33],"tags":[31,11,30],"class_list":{"0":"post-2134","1":"post","2":"type-post","3":"status-publish","4":"format-standard","5":"has-post-thumbnail","7":"category-off-court","8":"tag-off-court","9":"tag-photo","10":"tag-tweet-from-david","11":"czr-hentry"},"aioseo_notices":[],"jetpack_featured_media_url":"https:\/\/platino-davidferrer.com\/wp-content\/uploads\/2015\/04\/bddd.jpg","_links":{"self":[{"href":"https:\/\/platino-davidferrer.com\/index.php?rest_route=\/wp\/v2\/posts\/2134","targetHints":{"allow":["GET"]}}],"collection":[{"href":"https:\/\/platino-davidferrer.com\/index.php?rest_route=\/wp\/v2\/posts"}],"about":[{"href":"https:\/\/platino-davidferrer.com\/index.php?rest_route=\/wp\/v2\/types\/post"}],"author":[{"embeddable":true,"href":"https:\/\/platino-davidferrer.com\/index.php?rest_route=\/wp\/v2\/users\/1"}],"replies":[{"embeddable":true,"href":"https:\/\/platino-davidferrer.com\/index.php?rest_route=%2Fwp%2Fv2%2Fcomments&post=2134"}],"version-history":[{"count":0,"href":"https:\/\/platino-davidferrer.com\/index.php?rest_route=\/wp\/v2\/posts\/2134\/revisions"}],"wp:featuredmedia":[{"embeddable":true,"href":"https:\/\/platino-davidferrer.com\/index.php?rest_route=\/wp\/v2\/media\/2138"}],"wp:attachment":[{"href":"https:\/\/platino-davidferrer.com\/index.php?rest_route=%2Fwp%2Fv2%2Fmedia&parent=2134"}],"wp:term":[{"taxonomy":"category","embeddable":true,"href":"https:\/\/platino-davidferrer.com\/index.php?rest_route=%2Fwp%2Fv2%2Fcategories&post=2134"},{"taxonomy":"post_tag","embeddable":true,"href":"https:\/\/platino-davidferrer.com\/index.php?rest_route=%2Fwp%2Fv2%2Ftags&post=2134"}],"curies":[{"name":"wp","href":"https:\/\/api.w.org\/{rel}","templated":true}]}}