{"id":2933,"date":"2015-05-25T19:04:58","date_gmt":"2015-05-25T19:04:58","guid":{"rendered":"https:\/\/platino-davidferrer.com\/?p=2933"},"modified":"2015-05-25T20:10:52","modified_gmt":"2015-05-25T20:10:52","slug":"training-entrenamiento","status":"publish","type":"post","link":"https:\/\/platino-davidferrer.com\/?p=2933","title":{"rendered":"Training! Entrenamiento!"},"content":{"rendered":"<p>Training! Entrenamiento muy duro!!!<\/p>\n<p><strong>David Ferrer<\/strong> will debut on tuesday at <strong>Roland Garros<\/strong> in Paris. So Today he had training so hard.<br \/>\nYou know, his training is really hard and so seriously everytime. Yes, his life, his tennis is always earnestly. So we love him, we want to support him&#8230;<\/p>\n<p><a href=\"https:\/\/platino-davidferrer.com\/wp-content\/uploads\/2015\/05\/IMG_3366.jpg\"><img loading=\"lazy\" decoding=\"async\" src=\"https:\/\/platino-davidferrer.com\/wp-content\/uploads\/2015\/05\/IMG_3366-300x297.jpg\" alt=\"foto via Reiko\" width=\"300\" height=\"297\" class=\"alignnone size-medium wp-image-2981\" srcset=\"https:\/\/platino-davidferrer.com\/wp-content\/uploads\/2015\/05\/IMG_3366-300x297.jpg 300w, https:\/\/platino-davidferrer.com\/wp-content\/uploads\/2015\/05\/IMG_3366-150x150.jpg 150w, https:\/\/platino-davidferrer.com\/wp-content\/uploads\/2015\/05\/IMG_3366.jpg 586w\" sizes=\"auto, (max-width: 300px) 100vw, 300px\" \/><\/a><\/p>\n<p><a href=\"https:\/\/platino-davidferrer.com\/wp-content\/uploads\/2015\/05\/IMG_3342.jpg\"><img loading=\"lazy\" decoding=\"async\" src=\"https:\/\/platino-davidferrer.com\/wp-content\/uploads\/2015\/05\/IMG_3342-150x150.jpg\" alt=\"foto via Misaki\" width=\"150\" height=\"150\" class=\"alignnone size-thumbnail wp-image-2980\" \/><\/a>\u3000<a href=\"https:\/\/platino-davidferrer.com\/wp-content\/uploads\/2015\/05\/IMG_3340.jpg\"><img loading=\"lazy\" decoding=\"async\" src=\"https:\/\/platino-davidferrer.com\/wp-content\/uploads\/2015\/05\/IMG_3340-150x150.jpg\" alt=\"foto via Misaki\" width=\"150\" height=\"150\" class=\"alignnone size-thumbnail wp-image-2984\" \/><\/a>\u3000<a href=\"https:\/\/platino-davidferrer.com\/wp-content\/uploads\/2015\/05\/IMG_3341.jpg\"><img loading=\"lazy\" decoding=\"async\" src=\"https:\/\/platino-davidferrer.com\/wp-content\/uploads\/2015\/05\/IMG_3341-150x150.jpg\" alt=\"foto via Misaki\" width=\"150\" height=\"150\" class=\"alignnone size-thumbnail wp-image-2985\" \/><\/a>\u3000<a href=\"https:\/\/platino-davidferrer.com\/wp-content\/uploads\/2015\/05\/IMG_3339.jpg\"><img loading=\"lazy\" decoding=\"async\" src=\"https:\/\/platino-davidferrer.com\/wp-content\/uploads\/2015\/05\/IMG_3339-150x150.jpg\" alt=\"foto via Misaki\" width=\"150\" height=\"150\" class=\"alignnone size-thumbnail wp-image-2983\" \/><\/a>\u3000<a href=\"https:\/\/platino-davidferrer.com\/wp-content\/uploads\/2015\/05\/IMG_3338.jpg\"><img loading=\"lazy\" decoding=\"async\" src=\"https:\/\/platino-davidferrer.com\/wp-content\/uploads\/2015\/05\/IMG_3338-150x150.jpg\" alt=\"foto via Misaki\" width=\"150\" height=\"150\" class=\"alignnone size-thumbnail wp-image-2982\" \/><\/a><br \/>\n(Fotos via @Reiko, @rheinturm. Thank you so much!!!) <\/p>\n<p><strong>David Ferrer <\/strong>debutar\u00e1 el martes del <strong>Roland Garros<\/strong> en Paris.<br \/>\nAs\u00ed que estaba entrenando muy duro hoy.<br \/>\nSu entrenamiento es muy duro y tan en serio cada vez. S\u00ed, su vida, su tenis es siempre con seriedad. As\u00ed que lo amamos, queremos apoyarlo.<\/p>\n<p style=\"margin-bottom:3em;\">\n<p><a href=\"https:\/\/platino-davidferrer.com\/wp-content\/uploads\/2015\/05\/IMG_4813.jpg\"><img loading=\"lazy\" decoding=\"async\" src=\"https:\/\/platino-davidferrer.com\/wp-content\/uploads\/2015\/05\/IMG_4813-150x150.jpg\" alt=\"RG15,0524\" width=\"150\" height=\"150\" class=\"alignnone size-thumbnail wp-image-2954\" \/><\/a>\u3000<a href=\"https:\/\/platino-davidferrer.com\/wp-content\/uploads\/2015\/05\/IMG_4812.jpg\"><img loading=\"lazy\" decoding=\"async\" src=\"https:\/\/platino-davidferrer.com\/wp-content\/uploads\/2015\/05\/IMG_4812-150x150.jpg\" alt=\"RG15,0524\" width=\"150\" height=\"150\" class=\"alignnone size-thumbnail wp-image-2953\" \/><\/a>\u3000<a href=\"https:\/\/platino-davidferrer.com\/wp-content\/uploads\/2015\/05\/IMG_4788.jpg\"><img loading=\"lazy\" decoding=\"async\" src=\"https:\/\/platino-davidferrer.com\/wp-content\/uploads\/2015\/05\/IMG_4788-150x150.jpg\" alt=\"RG15,0524\" width=\"150\" height=\"150\" class=\"alignnone size-thumbnail wp-image-2948\" \/><\/a>\u3000<a href=\"https:\/\/platino-davidferrer.com\/wp-content\/uploads\/2015\/05\/IMG_4838.jpg\"><img loading=\"lazy\" decoding=\"async\" src=\"https:\/\/platino-davidferrer.com\/wp-content\/uploads\/2015\/05\/IMG_4838-150x150.jpg\" alt=\"RG15,0524\" width=\"150\" height=\"150\" class=\"alignnone size-thumbnail wp-image-2962\" \/><\/a>\u3000<a href=\"https:\/\/platino-davidferrer.com\/wp-content\/uploads\/2015\/05\/IMG_4877.jpg\"><img loading=\"lazy\" decoding=\"async\" src=\"https:\/\/platino-davidferrer.com\/wp-content\/uploads\/2015\/05\/IMG_4877-150x150.jpg\" alt=\"RG15,0524\" width=\"150\" height=\"150\" class=\"alignnone size-thumbnail wp-image-2973\" \/><\/a>\u3000<\/p>\n<p>(fotos via @FansDeTennis !)<\/p>\n<p>More fotos of training today are Our photo gallery!<br \/>\n<strong><a href=\"https:\/\/platino-davidferrer.com\/photos\/photo-roland-garros-2015-via-fans-de-tennis-1\/\">Photo: Roland Garros 2015, Fans De Tennis #1<\/a><\/strong><\/p>\n<p style=\"margin-bottom:3em;\">\n<p>Y <strong>David Ferrer<\/strong> debutar\u00e1 ma\u00f1ana del <strong>RG de Par\u00eds<\/strong> contra <strong>Lukas Lacko<\/strong> en la pista <strong>Suzanne-Lenglen<\/strong> a las 11h AM.<br \/>\nDavid Ferrer will debut tomorrow against Lukas Lacko at Suzanne Lenglen Court at 11h AM.<\/p>\n<p><a href=\"https:\/\/platino-davidferrer.com\/wp-content\/uploads\/2015\/05\/IMG_3365.jpg\"><img loading=\"lazy\" decoding=\"async\" src=\"https:\/\/platino-davidferrer.com\/wp-content\/uploads\/2015\/05\/IMG_3365-281x300.jpg\" alt=\"H2H\" width=\"281\" height=\"300\" class=\"alignnone size-medium wp-image-2994\" srcset=\"https:\/\/platino-davidferrer.com\/wp-content\/uploads\/2015\/05\/IMG_3365-281x300.jpg 281w, https:\/\/platino-davidferrer.com\/wp-content\/uploads\/2015\/05\/IMG_3365.jpg 747w\" sizes=\"auto, (max-width: 281px) 100vw, 281px\" \/><\/a><\/p>\n<p><strong>Much\u00edsima suerte, David!!!<\/strong><\/p>\n","protected":false},"excerpt":{"rendered":"<p>Training! Entrenamiento muy duro!!! David Ferrer will debut on tuesday at Roland Garros in Paris. So Today he  [&hellip;]<\/p>\n","protected":false},"author":1,"featured_media":3000,"comment_status":"open","ping_status":"open","sticky":false,"template":"","format":"standard","meta":{"footnotes":""},"categories":[22],"tags":[37,11,57,41],"class_list":{"0":"post-2933","1":"post","2":"type-post","3":"status-publish","4":"format-standard","5":"has-post-thumbnail","7":"category-tournament","8":"tag-grand-slam","9":"tag-photo","10":"tag-roland-garros-2015","11":"tag-training","12":"czr-hentry"},"aioseo_notices":[],"jetpack_featured_media_url":"https:\/\/platino-davidferrer.com\/wp-content\/uploads\/2015\/05\/4844.jpg","_links":{"self":[{"href":"https:\/\/platino-davidferrer.com\/index.php?rest_route=\/wp\/v2\/posts\/2933","targetHints":{"allow":["GET"]}}],"collection":[{"href":"https:\/\/platino-davidferrer.com\/index.php?rest_route=\/wp\/v2\/posts"}],"about":[{"href":"https:\/\/platino-davidferrer.com\/index.php?rest_route=\/wp\/v2\/types\/post"}],"author":[{"embeddable":true,"href":"https:\/\/platino-davidferrer.com\/index.php?rest_route=\/wp\/v2\/users\/1"}],"replies":[{"embeddable":true,"href":"https:\/\/platino-davidferrer.com\/index.php?rest_route=%2Fwp%2Fv2%2Fcomments&post=2933"}],"version-history":[{"count":0,"href":"https:\/\/platino-davidferrer.com\/index.php?rest_route=\/wp\/v2\/posts\/2933\/revisions"}],"wp:featuredmedia":[{"embeddable":true,"href":"https:\/\/platino-davidferrer.com\/index.php?rest_route=\/wp\/v2\/media\/3000"}],"wp:attachment":[{"href":"https:\/\/platino-davidferrer.com\/index.php?rest_route=%2Fwp%2Fv2%2Fmedia&parent=2933"}],"wp:term":[{"taxonomy":"category","embeddable":true,"href":"https:\/\/platino-davidferrer.com\/index.php?rest_route=%2Fwp%2Fv2%2Fcategories&post=2933"},{"taxonomy":"post_tag","embeddable":true,"href":"https:\/\/platino-davidferrer.com\/index.php?rest_route=%2Fwp%2Fv2%2Ftags&post=2933"}],"curies":[{"name":"wp","href":"https:\/\/api.w.org\/{rel}","templated":true}]}}