{"id":3330,"date":"2015-06-05T09:23:55","date_gmt":"2015-06-05T09:23:55","guid":{"rendered":"https:\/\/platino-davidferrer.com\/?p=3330"},"modified":"2015-06-05T09:32:27","modified_gmt":"2015-06-05T09:32:27","slug":"audio-david-ferrer-satisfecho-con-su-papel-en-roland-garros","status":"publish","type":"post","link":"https:\/\/platino-davidferrer.com\/?p=3330","title":{"rendered":"AUDIO: David Ferrer satisfecho con su papel en Roland Garros"},"content":{"rendered":"<p>via El Radio <a href=\"http:\/\/www.ondacero.es\/\" target=\"_blank\"><strong>ONDA CERO<\/strong><\/a><br \/>\n<strong>Al Primer Toque<\/strong><\/p>\n<p><strong>David Ferrer satisfecho con su papel en Roland Garros<\/strong><br \/>\nDavid Ferrer satisfied with his role in Roland Garros.<\/p>\n<p><a href=\"https:\/\/platino-davidferrer.com\/wp-content\/uploads\/2015\/06\/z31.jpg\"><img loading=\"lazy\" decoding=\"async\" src=\"https:\/\/platino-davidferrer.com\/wp-content\/uploads\/2015\/06\/z31-300x202.jpg\" alt=\"QF ante Murray\" width=\"300\" height=\"202\" class=\"alignnone size-medium wp-image-3279\" srcset=\"https:\/\/platino-davidferrer.com\/wp-content\/uploads\/2015\/06\/z31-300x202.jpg 300w, https:\/\/platino-davidferrer.com\/wp-content\/uploads\/2015\/06\/z31.jpg 1024w\" sizes=\"auto, (max-width: 300px) 100vw, 300px\" \/><\/a><br \/>\n(foto: Julian Finney\/Getty Images Europe)<\/p>\n<p>&#8220;El tenista alicantino <strong>David Ferrer<\/strong>, ha pasado por los micr\u00f3fonos de Al Primer Toque en un d\u00eda complicado para el tenis espa\u00f1ol con su derrota y la de <strong>Rafa Nadal<\/strong>. Pese a caer en cuartos de final ante <strong>Andy Murray<\/strong>, ha terminado contento por las sensaciones que ha tenido en el torneo parisino.&#8221;<\/p>\n<p>&#8220;The Alicante tennis player David Ferrer, spoke through a microphone of &#8220;Al Primer Toque&#8221; about a difficult day for Spanish tennis with his and Rafa Nadal defeated. Despite losing in the quarter-final against Andy Murray, He has ended happy feelings in the tournament of Paris.&#8221;<\/p>\n<p>pod\u00e9is escuchar aqu\u00ed! :)<\/p>\n<audio class=\"wp-audio-shortcode\" id=\"audio-3330-1\" preload=\"none\" style=\"width: 100%;\" controls=\"controls\"><source type=\"audio\/mpeg\" src=\"https:\/\/platino-davidferrer.com\/wp-content\/uploads\/2015\/06\/RadioDavid2015RG.mp3?_=1\" \/><a href=\"https:\/\/platino-davidferrer.com\/wp-content\/uploads\/2015\/06\/RadioDavid2015RG.mp3\">https:\/\/platino-davidferrer.com\/wp-content\/uploads\/2015\/06\/RadioDavid2015RG.mp3<\/a><\/audio>\n<p>Gracias, Al Primer Toque!!!<\/p>\n","protected":false},"excerpt":{"rendered":"<p>via El Radio ONDA CERO Al Primer Toque David Ferrer satisfecho con su papel en Roland Garros David Ferrer sati [&hellip;]<\/p>\n","protected":false},"author":1,"featured_media":3279,"comment_status":"open","ping_status":"open","sticky":false,"template":"","format":"standard","meta":{"footnotes":""},"categories":[27],"tags":[60,37,58,25,57],"class_list":{"0":"post-3330","1":"post","2":"type-post","3":"status-publish","4":"format-standard","5":"has-post-thumbnail","7":"category-interview","8":"tag-audio","9":"tag-grand-slam","10":"tag-radio","11":"tag-rafael-nadal","12":"tag-roland-garros-2015","13":"czr-hentry"},"aioseo_notices":[],"jetpack_featured_media_url":"https:\/\/platino-davidferrer.com\/wp-content\/uploads\/2015\/06\/z31.jpg","_links":{"self":[{"href":"https:\/\/platino-davidferrer.com\/index.php?rest_route=\/wp\/v2\/posts\/3330","targetHints":{"allow":["GET"]}}],"collection":[{"href":"https:\/\/platino-davidferrer.com\/index.php?rest_route=\/wp\/v2\/posts"}],"about":[{"href":"https:\/\/platino-davidferrer.com\/index.php?rest_route=\/wp\/v2\/types\/post"}],"author":[{"embeddable":true,"href":"https:\/\/platino-davidferrer.com\/index.php?rest_route=\/wp\/v2\/users\/1"}],"replies":[{"embeddable":true,"href":"https:\/\/platino-davidferrer.com\/index.php?rest_route=%2Fwp%2Fv2%2Fcomments&post=3330"}],"version-history":[{"count":0,"href":"https:\/\/platino-davidferrer.com\/index.php?rest_route=\/wp\/v2\/posts\/3330\/revisions"}],"wp:featuredmedia":[{"embeddable":true,"href":"https:\/\/platino-davidferrer.com\/index.php?rest_route=\/wp\/v2\/media\/3279"}],"wp:attachment":[{"href":"https:\/\/platino-davidferrer.com\/index.php?rest_route=%2Fwp%2Fv2%2Fmedia&parent=3330"}],"wp:term":[{"taxonomy":"category","embeddable":true,"href":"https:\/\/platino-davidferrer.com\/index.php?rest_route=%2Fwp%2Fv2%2Fcategories&post=3330"},{"taxonomy":"post_tag","embeddable":true,"href":"https:\/\/platino-davidferrer.com\/index.php?rest_route=%2Fwp%2Fv2%2Ftags&post=3330"}],"curies":[{"name":"wp","href":"https:\/\/api.w.org\/{rel}","templated":true}]}}