{"id":3510,"date":"2015-06-26T15:18:34","date_gmt":"2015-06-26T15:18:34","guid":{"rendered":"https:\/\/platino-davidferrer.com\/?p=3510"},"modified":"2015-06-26T17:46:06","modified_gmt":"2015-06-26T17:46:06","slug":"no-voy-a-estar-en-rusia-porque-voy-muy-cargado-de-partidos","status":"publish","type":"post","link":"https:\/\/platino-davidferrer.com\/?p=3510","title":{"rendered":"&#8220;NO VOY A ESTAR EN RUSIA PORQUE VOY MUY CARGADO DE PARTIDOS&#8221;"},"content":{"rendered":"<p><a href=\"https:\/\/platino-davidferrer.com\/wp-content\/uploads\/2015\/06\/z11.jpg\"><img loading=\"lazy\" decoding=\"async\" src=\"https:\/\/platino-davidferrer.com\/wp-content\/uploads\/2015\/06\/z11-300x200.jpg\" alt=\"Jan Kruger (Getty Images for LTA)\" width=\"300\" height=\"200\" class=\"alignright size-medium wp-image-3498\" srcset=\"https:\/\/platino-davidferrer.com\/wp-content\/uploads\/2015\/06\/z11-300x200.jpg 300w, https:\/\/platino-davidferrer.com\/wp-content\/uploads\/2015\/06\/z11.jpg 1024w\" sizes=\"auto, (max-width: 300px) 100vw, 300px\" \/><\/a><strong><font size = +3>Ferrer: &#8220;Esca\u00f1uela y Gala Le\u00f3n encienden m\u00e1s la mecha&#8221;<\/font><\/strong><\/p>\n<p><strong>&#8220;Si no defiendes al jugador, sino que lo atacas y haces como que va a ser una dictadura, el jugador no est\u00e1 a gusto&#8221;, explica el tenista valenciano.<\/strong><\/p>\n<p>(via <strong>tenis as.com<\/strong>)<br \/>\n(Se habla de: David Ferrer \/ Jos\u00e9 Luis Esca\u00f1uela)<\/p>\n<p>El tenista espa\u00f1ol David Ferrer cree que <strong>los jugadores se sienten &#8220;dolidos por el trato&#8221; que han recibido por parte de la Real Federaci\u00f3n Espa\u00f1ola de Tenis <\/strong>(RFET), al mismo tiempo que subray\u00f3 que <strong>&#8220;las declaraciones de Jos\u00e9 Luis Esca\u00f1uela y Gala Le\u00f3n&#8221; de este pasado mi\u00e9rcoles &#8220;no ayudan&#8221;, sino que lo que hacen es encender &#8220;m\u00e1s la mecha&#8221;.<\/strong><\/p>\n<p>&#8220;Nos sentimos dolidos por el trato que hemos recibido injustamente. Si no defiendes al jugador, sino que lo atacas y haces como que va a ser una dictadura, el jugador no est\u00e1 a gusto y es dif\u00edcil poder sentarse al lado de alguien o estar en un sitio donde los dirigentes no apoyan ni defienden al jugador, sino que lo atacan&#8221;, manifest\u00f3 Ferrer en declaraciones a &#8216;El Partido de las 12&#8217;.<\/p>\n<p>Por ello, el alicantino indic\u00f3 que esta situaci\u00f3n ha provocado que haya &#8220;una distancia muy grande&#8221; en estos momentos. &#8220;Es una l\u00e1stima, porque esto se ha convertido en un &#8216;show&#8217; medi\u00e1tico y es lo \u00faltimo que queremos por el bien del tenis espa\u00f1ol y por no hacer m\u00e1s demagogia con todo lo que est\u00e1 saliendo en las ruedas de prensa&#8221;, apunt\u00f3.<\/p>\n<p>&#8220;Han hecho declaraciones a la prensa intentando <strong>descalificar a muchos jugadores de la Copa Davis<\/strong> por no tener un di\u00e1logo antes, porque el presidente ha hecho demagogia con el machismo y porque Gala no ha afrontado la situaci\u00f3n y cada vez ha ido encadenando el tema&#8221;, se\u00f1al\u00f3 Ferrer sobre los principales problemas que han precipitado los acontecimientos.<\/p>\n<p>Para el de J\u00e1vea la principal cuesti\u00f3n &#8220;no es que los dirigentes se vayan o que <strong>Gala tenga que dimitir<\/strong>, o pedir la cabeza de alguien&#8221;. &#8220;El problema es que se ha embarullado todo mucho y ha habido muchas declaraciones y muy poca defensa de much\u00edsimos jugadores que llevan muchos a\u00f1os jugando la Copa Davis&#8221;, analiz\u00f3.<\/p>\n<p>&#8220;Se est\u00e1 haciendo demagogia en muchos temas que no son ciertos y el jugador de tenis se siente muy dolido. Por ah\u00ed crean esta incertidumbre y estas diferencias tan grandes que hay ahora mismo entre el presidente y Gala Le\u00f3n y los jugadores y todo el tenis espa\u00f1ol: veteranos, retirados, gente que lleva muchos a\u00f1os trabajando por el bien de este deporte y que ven c\u00f3mo se est\u00e1 haciendo da\u00f1o al tenis espa\u00f1ol&#8221;, enunci\u00f3.<\/p>\n<p>De esta forma, el primer espa\u00f1ol del ranking confes\u00f3 que le duele &#8220;lo que se est\u00e1 haciendo con el tenis espa\u00f1ol&#8221;. &#8220;Y la forma de actuar y de dirigirlo. <strong>No s\u00f3lo en Copa Davis, sino el futuro del tenis<\/strong>, que es lo m\u00e1s importante. No podemos dar este ejemplo, las cosas se tienen que encarar y hablar desde un primer momento y no hablar directamente a la prensa por detr\u00e1s y tirar fichas&#8221;, opin\u00f3.<\/p>\n<p>&#8220;No es justo ni para el tenis ni con nosotros. Tenemos que reunirnos cuando est\u00e9 todo m\u00e1s calmado, pero ahora mismo est\u00e1 todo en una situaci\u00f3n cr\u00edtica. <strong>Las declaraciones de este mi\u00e9rcoles de Esca\u00f1uela y Gala no ayudan y encienden m\u00e1s la mecha&#8221;<\/strong>, relat\u00f3 el alicantino.<\/p>\n<p><strong>&#8220;NO VOY A ESTAR EN RUSIA PORQUE VOY MUY CARGADO DE PARTIDOS&#8221;<\/strong><\/p>\n<p>Ferrer rememor\u00f3 que el &#8220;malestar&#8221; con <strong>la situaci\u00f3n comenz\u00f3 cuando el presidente de la RFET, Jos\u00e9 Luis Esca\u00f1uela, design\u00f3 a Gala Le\u00f3n.<\/strong> &#8220;Y los jugadores nos enteramos por la prensa. No se pregunta a nada ni a nadie ni se dice el por qu\u00e9. Y luego las declaraciones del machismo, que queman mucho al jugador, o de que <strong>ir a la Copa Davis es una cuesti\u00f3n de dinero, algo totalmente injusto, err\u00f3neo y falso&#8221;<\/strong>, subray\u00f3.<\/p>\n<p>&#8220;Los jugadores no hemos usado nunca el tema de que Gala sea mujer. Ni mucho menos, por supuesto que no. La hemeroteca est\u00e1 ah\u00ed&#8221;, record\u00f3 <strong>el alicantino, que no jugar\u00e1 la eliminatoria ante Rusia del Grupo I de Copa Davis que se celebrar\u00e1 en Vladivostok del 17 al 19 de julio<\/strong> no por la capitana sino porque va &#8220;muy cargado de partidos&#8221;. &#8220;F\u00edsicamente no estoy preparado para jugar todas las semanas del a\u00f1o&#8221;, expres\u00f3.<\/p>\n<p>&#8220;Se lo dije a Gala Le\u00f3n. El aficionado al tenis puede no entenderlo, pero yo tengo que elegir el poder alargar un poco m\u00e1s mi carrera. Me gustar\u00eda que mucha gente se pusiera en mi cuerpo: rehabilitarse cada d\u00eda, mil problemas f\u00edsicos. Que el tema de Copa Davis se haya enrarecido tanto y haya cierta distancia ayuda a que muchos componentes no est\u00e9n en esa eliminatoria&#8221;, confes\u00f3.<\/p>\n<p>Adem\u00e1s, el jugador coment\u00f3 que lo ocurrido &#8220;no es un boicot a la Copa Davis&#8221;. &#8220;Siempre hemos respetado que cada uno tiene que hacer lo mejor para \u00e9l y para su carrera. Esto es un problema entre nosotros y los dirigentes de la Federaci\u00f3n por como se han hecho las cosas. Quien quiera ir a la Copa Davis, no pasa nada&#8221;, indic\u00f3.<\/p>\n<p>&#8220;Al final defiendes a tu pa\u00eds y las mayores emociones de mi carrera han sido en Copa Davis, y si hay gente que tiene la oportunidad de debutar, que lo haga. Cuantos m\u00e1s y mejores vayan, mejor. Pero claro, ante esta tensi\u00f3n y esta distancia es normal que algunos jugadores duden y se solidaricen con lo que piensa la mayor\u00eda del grupo&#8221;, apunt\u00f3.<\/p>\n<p><strong>&#8220;AUN NO S\u00c9 SI SE HABR\u00c1 UNA REUNION ENTRE JUGADORES EN WIMBLEDON&#8221;<\/strong><\/p>\n<p>Por otro lado, Ferrer se\u00f1al\u00f3 que la Federaci\u00f3n ha convocado una &#8220;reuni\u00f3n&#8221; a trav\u00e9s de &#8220;la prensa&#8221;. &#8220;Los jugadores, o yo personalmente, no tenemos ninguna noticia de que nos hayan convocado a una reuni\u00f3n el domingo. Independientemente, dudo mucho que vayamos a estar. Es todo muy precipitado. Esto se tiene que hacer con m\u00e1s calma y ahora de un d\u00eda para otro no se va a solucionar todo como si nada hubiera pasado&#8221;, se\u00f1al\u00f3.<\/p>\n<p>Adem\u00e1s, el jugador se refiri\u00f3 a la noticia que dio &#8216;El Partido de las 12&#8217; en la que se informaba de una posible reuni\u00f3n entre los jugadores durante la preparaci\u00f3n para Wimbledon. &#8220;Tenemos un portavoz o tenemos un gran topo ah\u00ed metido&#8221;, brome\u00f3 Ferrer.<\/p>\n<p>&#8220;La reuni\u00f3n entre jugadores y jugadoras a\u00fan no s\u00e9 si se va a producir o no. Ahora mismo, a d\u00eda de hoy, hay que sentarse y ver un poco todos los jugadores que opini\u00f3n tiene cada uno, pero es cierto que no tenemos nada en concreto porque estamos en Wimbledon y cada uno tiene sus entrenamientos y sus horarios&#8221;, sentenci\u00f3.<\/p>\n<p>(via <strong><a href=\"http:\/\/tenis.as.com\/tenis\/2015\/06\/26\/mas_tenis\/1435309912_661278.html\" target=\"_blank\">tenis as.com<\/a><\/strong>)<\/p>\n","protected":false},"excerpt":{"rendered":"<p>Ferrer: &#8220;Esca\u00f1uela y Gala Le\u00f3n encienden m\u00e1s la mecha&#8221; &#8220;Si no defiendes al jugador, sino que [&hellip;]<\/p>\n","protected":false},"author":1,"featured_media":3498,"comment_status":"open","ping_status":"open","sticky":false,"template":"","format":"standard","meta":{"footnotes":""},"categories":[27],"tags":[64,29,24],"class_list":{"0":"post-3510","1":"post","2":"type-post","3":"status-publish","4":"format-standard","5":"has-post-thumbnail","7":"category-interview","8":"tag-copa-davis","9":"tag-interview","10":"tag-news","11":"czr-hentry"},"aioseo_notices":[],"jetpack_featured_media_url":"https:\/\/platino-davidferrer.com\/wp-content\/uploads\/2015\/06\/z11.jpg","_links":{"self":[{"href":"https:\/\/platino-davidferrer.com\/index.php?rest_route=\/wp\/v2\/posts\/3510","targetHints":{"allow":["GET"]}}],"collection":[{"href":"https:\/\/platino-davidferrer.com\/index.php?rest_route=\/wp\/v2\/posts"}],"about":[{"href":"https:\/\/platino-davidferrer.com\/index.php?rest_route=\/wp\/v2\/types\/post"}],"author":[{"embeddable":true,"href":"https:\/\/platino-davidferrer.com\/index.php?rest_route=\/wp\/v2\/users\/1"}],"replies":[{"embeddable":true,"href":"https:\/\/platino-davidferrer.com\/index.php?rest_route=%2Fwp%2Fv2%2Fcomments&post=3510"}],"version-history":[{"count":0,"href":"https:\/\/platino-davidferrer.com\/index.php?rest_route=\/wp\/v2\/posts\/3510\/revisions"}],"wp:featuredmedia":[{"embeddable":true,"href":"https:\/\/platino-davidferrer.com\/index.php?rest_route=\/wp\/v2\/media\/3498"}],"wp:attachment":[{"href":"https:\/\/platino-davidferrer.com\/index.php?rest_route=%2Fwp%2Fv2%2Fmedia&parent=3510"}],"wp:term":[{"taxonomy":"category","embeddable":true,"href":"https:\/\/platino-davidferrer.com\/index.php?rest_route=%2Fwp%2Fv2%2Fcategories&post=3510"},{"taxonomy":"post_tag","embeddable":true,"href":"https:\/\/platino-davidferrer.com\/index.php?rest_route=%2Fwp%2Fv2%2Ftags&post=3510"}],"curies":[{"name":"wp","href":"https:\/\/api.w.org\/{rel}","templated":true}]}}