{"id":3518,"date":"2015-06-26T17:27:15","date_gmt":"2015-06-26T17:27:15","guid":{"rendered":"https:\/\/platino-davidferrer.com\/?p=3518"},"modified":"2015-06-26T17:27:15","modified_gmt":"2015-06-26T17:27:15","slug":"wimbledon-2015","status":"publish","type":"post","link":"https:\/\/platino-davidferrer.com\/?p=3518","title":{"rendered":"Wimbledon 2015"},"content":{"rendered":"<p>El pr\u00f3ximo torneo que disputar\u00e1 <strong>David Ferrer<\/strong> ser\u00e1 <strong>Wimbledon 2015<\/strong> (del 29 de junio al 12 de julio).<br \/>\n<strong>Much\u00edsima suerteeeee!!!<\/strong><\/p>\n<p><a href=\"https:\/\/platino-davidferrer.com\/wp-content\/uploads\/2015\/06\/BC.jpg\"><img loading=\"lazy\" decoding=\"async\" src=\"https:\/\/platino-davidferrer.com\/wp-content\/uploads\/2015\/06\/BC.jpg\" alt=\"Wimbledon 2015\" width=\"851\" height=\"315\" class=\"alignnone size-full wp-image-3519\" srcset=\"https:\/\/platino-davidferrer.com\/wp-content\/uploads\/2015\/06\/BC.jpg 851w, https:\/\/platino-davidferrer.com\/wp-content\/uploads\/2015\/06\/BC-300x111.jpg 300w\" sizes=\"auto, (max-width: 851px) 100vw, 851px\" \/><\/a><\/p>\n<p>Wimbledon..<br \/>\n<strong><a href=\"http:\/\/www.wimbledon.com\/index.html\" target=\"_blank\">Official Website<\/a><\/strong><br \/>\n<strong><a href=\"http:\/\/www.facebook.com\/wimbledon\" target=\"_blank\">Official Facebook<\/a><\/strong><br \/>\n<strong><a href=\"http:\/\/twitter.com\/Wimbledon\" target=\"_blank\">Official Twitter<\/a><\/strong><\/p>\n<p>And <strong>draw<\/strong> is out! David is&#8230;<\/p>\n<p>1R <strong>James Ward<\/strong><br \/>\n2R <strong>Jiri Vesely<\/strong> o <strong>Paolo Lorenzi<\/strong><br \/>\n3R <strong>Fabio Fognini<\/strong><br \/>\n4R <strong>Rafael Nadal<\/strong><br \/>\nQF <strong>Andy Murray<\/strong><br \/>\nSF <strong>Roger Federer<\/strong><br \/>\nF <strong>Novak Djokovic<\/strong><\/p>\n<p><a href=\"https:\/\/platino-davidferrer.com\/wp-content\/uploads\/2015\/06\/draw-1.jpg\"><img loading=\"lazy\" decoding=\"async\" src=\"https:\/\/platino-davidferrer.com\/wp-content\/uploads\/2015\/06\/draw-1-300x219.jpg\" alt=\"draw-1\" width=\"300\" height=\"219\" class=\"alignnone size-medium wp-image-3521\" srcset=\"https:\/\/platino-davidferrer.com\/wp-content\/uploads\/2015\/06\/draw-1-300x219.jpg 300w, https:\/\/platino-davidferrer.com\/wp-content\/uploads\/2015\/06\/draw-1.jpg 1000w\" sizes=\"auto, (max-width: 300px) 100vw, 300px\" \/><\/a>\u3000<a href=\"https:\/\/platino-davidferrer.com\/wp-content\/uploads\/2015\/06\/draw-2.jpg\"><img loading=\"lazy\" decoding=\"async\" src=\"https:\/\/platino-davidferrer.com\/wp-content\/uploads\/2015\/06\/draw-2-300x219.jpg\" alt=\"draw-2\" width=\"300\" height=\"219\" class=\"alignnone size-medium wp-image-3522\" srcset=\"https:\/\/platino-davidferrer.com\/wp-content\/uploads\/2015\/06\/draw-2-300x219.jpg 300w, https:\/\/platino-davidferrer.com\/wp-content\/uploads\/2015\/06\/draw-2.jpg 1000w\" sizes=\"auto, (max-width: 300px) 100vw, 300px\" \/><\/a><\/p>\n<p>El <strong>primer rival<\/strong> de David en el torneo de Wimbledon ser\u00e1 <strong>James Ward<\/strong>. Much\u00edsima suerte!!!<\/p>\n","protected":false},"excerpt":{"rendered":"<p>El pr\u00f3ximo torneo que disputar\u00e1 David Ferrer ser\u00e1 Wimbledon 2015 (del 29 de junio al 12 de julio). Much\u00edsima s [&hellip;]<\/p>\n","protected":false},"author":1,"featured_media":3530,"comment_status":"open","ping_status":"open","sticky":false,"template":"","format":"standard","meta":{"footnotes":""},"categories":[22],"tags":[38,37,65],"class_list":{"0":"post-3518","1":"post","2":"type-post","3":"status-publish","4":"format-standard","5":"has-post-thumbnail","7":"category-tournament","8":"tag-draw","9":"tag-grand-slam","10":"tag-wimbledon-2015","11":"czr-hentry"},"aioseo_notices":[],"jetpack_featured_media_url":"https:\/\/platino-davidferrer.com\/wp-content\/uploads\/2015\/06\/eyewb.jpg","_links":{"self":[{"href":"https:\/\/platino-davidferrer.com\/index.php?rest_route=\/wp\/v2\/posts\/3518","targetHints":{"allow":["GET"]}}],"collection":[{"href":"https:\/\/platino-davidferrer.com\/index.php?rest_route=\/wp\/v2\/posts"}],"about":[{"href":"https:\/\/platino-davidferrer.com\/index.php?rest_route=\/wp\/v2\/types\/post"}],"author":[{"embeddable":true,"href":"https:\/\/platino-davidferrer.com\/index.php?rest_route=\/wp\/v2\/users\/1"}],"replies":[{"embeddable":true,"href":"https:\/\/platino-davidferrer.com\/index.php?rest_route=%2Fwp%2Fv2%2Fcomments&post=3518"}],"version-history":[{"count":0,"href":"https:\/\/platino-davidferrer.com\/index.php?rest_route=\/wp\/v2\/posts\/3518\/revisions"}],"wp:featuredmedia":[{"embeddable":true,"href":"https:\/\/platino-davidferrer.com\/index.php?rest_route=\/wp\/v2\/media\/3530"}],"wp:attachment":[{"href":"https:\/\/platino-davidferrer.com\/index.php?rest_route=%2Fwp%2Fv2%2Fmedia&parent=3518"}],"wp:term":[{"taxonomy":"category","embeddable":true,"href":"https:\/\/platino-davidferrer.com\/index.php?rest_route=%2Fwp%2Fv2%2Fcategories&post=3518"},{"taxonomy":"post_tag","embeddable":true,"href":"https:\/\/platino-davidferrer.com\/index.php?rest_route=%2Fwp%2Fv2%2Ftags&post=3518"}],"curies":[{"name":"wp","href":"https:\/\/api.w.org\/{rel}","templated":true}]}}