{"id":3533,"date":"2015-06-29T20:59:49","date_gmt":"2015-06-29T20:59:49","guid":{"rendered":"https:\/\/platino-davidferrer.com\/?p=3533"},"modified":"2015-06-29T21:04:27","modified_gmt":"2015-06-29T21:04:27","slug":"david-ferrer-no-podra-jugar-wimbledon","status":"publish","type":"post","link":"https:\/\/platino-davidferrer.com\/?p=3533","title":{"rendered":"David Ferrer no podr\u00e1 jugar Wimbledon"},"content":{"rendered":"<p><strong>\u00c1nimo David!!!<\/strong><\/p>\n<p>Lamentablemente, <strong>David Ferrer<\/strong> no podr\u00e1 jugar <strong>Wimbledon<\/strong> por una lesi\u00f3n en el codo.<br \/>\nRealmente esperamos que podr\u00e1 recuperarse r\u00e1pidamente!!!<\/p>\n<p>Unfortunately, David Ferrer is not able to play at Wimbledon with an injured his elbow.<br \/>\nWe really hope that he can recover quickly !!!<\/p>\n<p style=\"margin-bottom:3em;\">\n<p><strong>Tweet from David<\/strong><\/p>\n<blockquote class=\"twitter-tweet\" lang=\"EN\" xml:lang=\"EN\">\n<blockquote class=\"twitter-tweet\" width=\"550\">\n<p lang=\"es\" dir=\"ltr\">Lamentablemente no podr\u00e9 jugar Wimbledon por una lesi\u00f3n en el codo. A recuperarse lo antes posible! Un abrazo a todos.<\/p>\n<p>&mdash; David Ferrer (@DavidFerrer87) <a href=\"https:\/\/twitter.com\/DavidFerrer87\/status\/615129517137526784\">June 28, 2015<\/a><\/p><\/blockquote>\n<p><script async src=\"\/\/platform.twitter.com\/widgets.js\" charset=\"utf-8\"><\/script>\n<\/p><\/blockquote>\n<p style=\"margin-bottom:3em;\">\n<p><strong>photos in Wimbledon<\/strong><\/p>\n<p><a href=\"https:\/\/platino-davidferrer.com\/wp-content\/uploads\/2015\/06\/IMG_4182.jpg\"><img loading=\"lazy\" decoding=\"async\" src=\"https:\/\/platino-davidferrer.com\/wp-content\/uploads\/2015\/06\/IMG_4182-300x244.jpg\" alt=\"Wimbledon 2015\" width=\"300\" height=\"244\" class=\"alignnone size-medium wp-image-3540\" srcset=\"https:\/\/platino-davidferrer.com\/wp-content\/uploads\/2015\/06\/IMG_4182-300x244.jpg 300w, https:\/\/platino-davidferrer.com\/wp-content\/uploads\/2015\/06\/IMG_4182.jpg 1023w\" sizes=\"auto, (max-width: 300px) 100vw, 300px\" \/><\/a><\/p>\n<p><a href=\"https:\/\/platino-davidferrer.com\/wp-content\/uploads\/2015\/06\/IMG_4194.jpg\"><img loading=\"lazy\" decoding=\"async\" src=\"https:\/\/platino-davidferrer.com\/wp-content\/uploads\/2015\/06\/IMG_4194-150x150.jpg\" alt=\"Wimbledon 2015\" width=\"150\" height=\"150\" class=\"alignnone size-thumbnail wp-image-3538\" \/><\/a>\u3000<a href=\"https:\/\/platino-davidferrer.com\/wp-content\/uploads\/2015\/06\/IMG_4180.jpg\"><img loading=\"lazy\" decoding=\"async\" src=\"https:\/\/platino-davidferrer.com\/wp-content\/uploads\/2015\/06\/IMG_4180-150x150.jpg\" alt=\"Wimbledon 2015\" width=\"150\" height=\"150\" class=\"alignnone size-thumbnail wp-image-3539\" \/><\/a>\u3000<a href=\"https:\/\/platino-davidferrer.com\/wp-content\/uploads\/2015\/06\/IMG_4184.jpg\"><img loading=\"lazy\" decoding=\"async\" src=\"https:\/\/platino-davidferrer.com\/wp-content\/uploads\/2015\/06\/IMG_4184-150x150.jpg\" alt=\"Wimbledon 2015\" width=\"150\" height=\"150\" class=\"alignnone size-thumbnail wp-image-3542\" \/><\/a>\u3000<a href=\"https:\/\/platino-davidferrer.com\/wp-content\/uploads\/2015\/06\/IMG_4185.jpg\"><img loading=\"lazy\" decoding=\"async\" src=\"https:\/\/platino-davidferrer.com\/wp-content\/uploads\/2015\/06\/IMG_4185-150x150.jpg\" alt=\"Wimbledon 2015\" width=\"150\" height=\"150\" class=\"alignnone size-thumbnail wp-image-3543\" srcset=\"https:\/\/platino-davidferrer.com\/wp-content\/uploads\/2015\/06\/IMG_4185-150x150.jpg 150w, https:\/\/platino-davidferrer.com\/wp-content\/uploads\/2015\/06\/IMG_4185-300x300.jpg 300w, https:\/\/platino-davidferrer.com\/wp-content\/uploads\/2015\/06\/IMG_4185.jpg 640w\" sizes=\"auto, (max-width: 150px) 100vw, 150px\" \/><\/a>\u3000<a href=\"https:\/\/platino-davidferrer.com\/wp-content\/uploads\/2015\/06\/IMG_4186.jpg\"><img loading=\"lazy\" decoding=\"async\" src=\"https:\/\/platino-davidferrer.com\/wp-content\/uploads\/2015\/06\/IMG_4186-150x150.jpg\" alt=\"Wimbledon 2015\" width=\"150\" height=\"150\" class=\"alignnone size-thumbnail wp-image-3544\" srcset=\"https:\/\/platino-davidferrer.com\/wp-content\/uploads\/2015\/06\/IMG_4186-150x150.jpg 150w, https:\/\/platino-davidferrer.com\/wp-content\/uploads\/2015\/06\/IMG_4186-349x350.jpg 349w\" sizes=\"auto, (max-width: 150px) 100vw, 150px\" \/><\/a><\/p>\n<p style=\"margin-bottom:3em;\">\n<p><strong>Articles<\/strong><\/p>\n<p><strong><a href=\"http:\/\/deportes.elpais.com\/deportes\/2015\/06\/28\/actualidad\/1435499031_530312.html\" target=\"_blank\">David Ferrer, apeado de Wimbledon por una lesi\u00f3n de codo derecho<\/a><\/strong><br \/>\n(via elpais)<\/p>\n<p><strong><a href=\"http:\/\/www.marca.com\/2015\/06\/28\/tenis\/wimbledon\/1435493852.html\" target=\"_blank\">Ferrer, baja en Wimbledon<\/a><\/strong><br \/>\n(via MARCA)<\/p>\n<p><strong><a href=\"http:\/\/tenis.as.com\/tenis\/2015\/06\/28\/wimbledon\/1435493535_646980.html\" target=\"_blank\">Ferrer renuncia a Wimbledon por una lesi\u00f3n en el brazo<\/a><\/strong><br \/>\n(via as.com)<\/p>\n<p><strong><a href=\"http:\/\/www.lasprovincias.es\/deportes\/tenis\/wimbledon\/201506\/29\/lesion-codo-deja-fuera-20150629000942-v.html\" target=\"_blank\">El codo deja fuera de Wimbledon a David Ferrer<\/a><\/strong><br \/>\n(via las provincias)<\/p>\n<p><strong><a href=\"http:\/\/www.elespectador.com\/deportes\/tenis\/david-ferrer-no-podra-jugar-wimbledon-articulo-569091\" target=\"_blank\">David Ferrer no podr\u00e1 jugar Wimbledon<\/a><\/strong><br \/>\n(via elespectador.com)<\/p>\n<p><strong><a href=\"http:\/\/www.mediotiempo.com\/mas-deportes\/noticias\/2015\/06\/28\/david-ferrer-fuera-de-wimbledon-por-lesion\" target=\"_blank\">David Ferrer, fuera de Wimbledon por lesi\u00f3n<\/a><\/strong><br \/>\n(via mediotiempo.com)<\/p>\n","protected":false},"excerpt":{"rendered":"<p>\u00c1nimo David!!! Lamentablemente, David Ferrer no podr\u00e1 jugar Wimbledon por una lesi\u00f3n en el codo. Realmente esp [&hellip;]<\/p>\n","protected":false},"author":1,"featured_media":3540,"comment_status":"open","ping_status":"open","sticky":false,"template":"","format":"standard","meta":{"footnotes":""},"categories":[22],"tags":[37,24,11,30,65],"class_list":{"0":"post-3533","1":"post","2":"type-post","3":"status-publish","4":"format-standard","5":"has-post-thumbnail","7":"category-tournament","8":"tag-grand-slam","9":"tag-news","10":"tag-photo","11":"tag-tweet-from-david","12":"tag-wimbledon-2015","13":"czr-hentry"},"aioseo_notices":[],"jetpack_featured_media_url":"https:\/\/platino-davidferrer.com\/wp-content\/uploads\/2015\/06\/IMG_4182.jpg","_links":{"self":[{"href":"https:\/\/platino-davidferrer.com\/index.php?rest_route=\/wp\/v2\/posts\/3533","targetHints":{"allow":["GET"]}}],"collection":[{"href":"https:\/\/platino-davidferrer.com\/index.php?rest_route=\/wp\/v2\/posts"}],"about":[{"href":"https:\/\/platino-davidferrer.com\/index.php?rest_route=\/wp\/v2\/types\/post"}],"author":[{"embeddable":true,"href":"https:\/\/platino-davidferrer.com\/index.php?rest_route=\/wp\/v2\/users\/1"}],"replies":[{"embeddable":true,"href":"https:\/\/platino-davidferrer.com\/index.php?rest_route=%2Fwp%2Fv2%2Fcomments&post=3533"}],"version-history":[{"count":0,"href":"https:\/\/platino-davidferrer.com\/index.php?rest_route=\/wp\/v2\/posts\/3533\/revisions"}],"wp:featuredmedia":[{"embeddable":true,"href":"https:\/\/platino-davidferrer.com\/index.php?rest_route=\/wp\/v2\/media\/3540"}],"wp:attachment":[{"href":"https:\/\/platino-davidferrer.com\/index.php?rest_route=%2Fwp%2Fv2%2Fmedia&parent=3533"}],"wp:term":[{"taxonomy":"category","embeddable":true,"href":"https:\/\/platino-davidferrer.com\/index.php?rest_route=%2Fwp%2Fv2%2Fcategories&post=3533"},{"taxonomy":"post_tag","embeddable":true,"href":"https:\/\/platino-davidferrer.com\/index.php?rest_route=%2Fwp%2Fv2%2Ftags&post=3533"}],"curies":[{"name":"wp","href":"https:\/\/api.w.org\/{rel}","templated":true}]}}