{"id":3556,"date":"2015-07-03T15:51:43","date_gmt":"2015-07-03T15:51:43","guid":{"rendered":"https:\/\/platino-davidferrer.com\/?p=3556"},"modified":"2015-07-03T15:51:43","modified_gmt":"2015-07-03T15:51:43","slug":"esperamos-que-vuelvas-pronto","status":"publish","type":"post","link":"https:\/\/platino-davidferrer.com\/?p=3556","title":{"rendered":"Esperamos que vuelvas pronto!!!"},"content":{"rendered":"<p><font size = +1><strong>\u00c1nimo David!!!!!<\/strong><\/FONT> <\/p>\n<p>David tweeted 2 times.<\/p>\n<p><strong>David Ferrer<\/strong> ya est\u00e1 en <strong>X\u00e0bia<\/strong>.<br \/>\nPor ahora&#8230;probablemente habr\u00e1 concentrado en <strong>el tratamiento de su lesi\u00f3n<\/strong>.<br \/>\nRealmente esperamos que pueda recuperarse r\u00e1pidamente y su familia y ciudad natal se har\u00e1n sentir mejor para \u00e9l!!<\/p>\n<p>David is already in Javea<br \/>\nFor now,  probably he will have concentrated on treating his injury.<br \/>\nWe really hope that he can recover quickly and his family and hometown will be felt better for him!!<\/p>\n<p><strong>Tienes nuestro apoyo!!! Vamos!!! :)<\/strong><\/p>\n<blockquote class=\"twitter-tweet\" lang=\"EN\" xml:lang=\"EN\">\n<blockquote class=\"twitter-tweet\" width=\"550\">\n<p lang=\"es\" dir=\"ltr\">En Xabia con <a href=\"https:\/\/twitter.com\/jowy19\">@jowy19<\/a> y <a href=\"https:\/\/twitter.com\/Joserosbis\">@Joserosbis<\/a> !! <a href=\"http:\/\/t.co\/Sutd7LLhjg\">pic.twitter.com\/Sutd7LLhjg<\/a><\/p>\n<p>&mdash; David Ferrer (@DavidFerrer87) <a href=\"https:\/\/twitter.com\/DavidFerrer87\/status\/616650189357625344\">July 2, 2015<\/a><\/p><\/blockquote>\n<p><script async src=\"\/\/platform.twitter.com\/widgets.js\" charset=\"utf-8\"><\/script>\n<\/p><\/blockquote>\n<blockquote class=\"twitter-tweet\" lang=\"EN\" xml:lang=\"EN\"><p>\n<a href=\"https:\/\/twitter.com\/DavidFerrer87\/status\/616531080183709698\">https:\/\/twitter.com\/DavidFerrer87\/status\/616531080183709698<\/a>\n<\/p><\/blockquote>\n","protected":false},"excerpt":{"rendered":"<p>\u00c1nimo David!!!!! David tweeted 2 times. David Ferrer ya est\u00e1 en X\u00e0bia. Por ahora&#8230;probablemente habr\u00e1 con [&hellip;]<\/p>\n","protected":false},"author":1,"featured_media":3563,"comment_status":"open","ping_status":"open","sticky":false,"template":"","format":"standard","meta":{"footnotes":""},"categories":[33],"tags":[42,11,30],"class_list":{"0":"post-3556","1":"post","2":"type-post","3":"status-publish","4":"format-standard","5":"has-post-thumbnail","7":"category-off-court","8":"tag-javeaxabia","9":"tag-photo","10":"tag-tweet-from-david","11":"czr-hentry"},"aioseo_notices":[],"jetpack_featured_media_url":"https:\/\/platino-davidferrer.com\/wp-content\/uploads\/2015\/07\/111dv2.jpg","_links":{"self":[{"href":"https:\/\/platino-davidferrer.com\/index.php?rest_route=\/wp\/v2\/posts\/3556","targetHints":{"allow":["GET"]}}],"collection":[{"href":"https:\/\/platino-davidferrer.com\/index.php?rest_route=\/wp\/v2\/posts"}],"about":[{"href":"https:\/\/platino-davidferrer.com\/index.php?rest_route=\/wp\/v2\/types\/post"}],"author":[{"embeddable":true,"href":"https:\/\/platino-davidferrer.com\/index.php?rest_route=\/wp\/v2\/users\/1"}],"replies":[{"embeddable":true,"href":"https:\/\/platino-davidferrer.com\/index.php?rest_route=%2Fwp%2Fv2%2Fcomments&post=3556"}],"version-history":[{"count":0,"href":"https:\/\/platino-davidferrer.com\/index.php?rest_route=\/wp\/v2\/posts\/3556\/revisions"}],"wp:featuredmedia":[{"embeddable":true,"href":"https:\/\/platino-davidferrer.com\/index.php?rest_route=\/wp\/v2\/media\/3563"}],"wp:attachment":[{"href":"https:\/\/platino-davidferrer.com\/index.php?rest_route=%2Fwp%2Fv2%2Fmedia&parent=3556"}],"wp:term":[{"taxonomy":"category","embeddable":true,"href":"https:\/\/platino-davidferrer.com\/index.php?rest_route=%2Fwp%2Fv2%2Fcategories&post=3556"},{"taxonomy":"post_tag","embeddable":true,"href":"https:\/\/platino-davidferrer.com\/index.php?rest_route=%2Fwp%2Fv2%2Ftags&post=3556"}],"curies":[{"name":"wp","href":"https:\/\/api.w.org\/{rel}","templated":true}]}}