{"id":3659,"date":"2015-07-08T20:36:51","date_gmt":"2015-07-08T20:36:51","guid":{"rendered":"https:\/\/platino-davidferrer.com\/?p=3659"},"modified":"2015-07-08T20:36:51","modified_gmt":"2015-07-08T20:36:51","slug":"copa-davis-pero-ferrer-dijo-todavia-no-he-podido-coger-la-raqueta","status":"publish","type":"post","link":"https:\/\/platino-davidferrer.com\/?p=3659","title":{"rendered":"Copa Davis! Pero Ferrer dijo &#8220;todav\u00eda no he podido coger la raqueta&#8221;"},"content":{"rendered":"<p>La nueva entrenador, <strong>Conchita Mart\u00ednez nomin\u00f3 a David Ferrer en la Copa Davis<\/strong>.<\/p>\n<p><a href=\"https:\/\/platino-davidferrer.com\/wp-content\/uploads\/2015\/07\/53451.png\"><img loading=\"lazy\" decoding=\"async\" src=\"https:\/\/platino-davidferrer.com\/wp-content\/uploads\/2015\/07\/53451-300x247.png\" alt=\"53451\" width=\"300\" height=\"247\" class=\"alignnone size-medium wp-image-3665\" srcset=\"https:\/\/platino-davidferrer.com\/wp-content\/uploads\/2015\/07\/53451-300x247.png 300w, https:\/\/platino-davidferrer.com\/wp-content\/uploads\/2015\/07\/53451.png 583w\" sizes=\"auto, (max-width: 300px) 100vw, 300px\" \/><\/a><\/p>\n<p>Pero parece un poco complicado.<\/p>\n<p>El entrenador de David, <strong>Francisco Fogues<\/strong> dijo <strong><a href=\"http:\/\/www.puntodebreak.com\/\" target=\"_blank\">Punto de Break<\/a><\/strong>.<\/p>\n<blockquote>\n<p style=\"margin-bottom:1em;\">\n\u201cEl codo le molesta en gestos normales de la vida diaria\u201d<br \/>\n\u201cTiene pocas opciones, est\u00e1 casi descartado para jugar en Rusia\u201d<br \/>\n\u201cDavid es seria duda para estos dos torneos\u201d\n<\/p><\/blockquote>\n<p>Y <strong>David Ferrer<\/strong> explic\u00f3 en los micr\u00f3fonos de <strong>El Larguero<\/strong>.<\/p>\n<p><audio class=\"wp-audio-shortcode\" id=\"audio-3659-1\" preload=\"none\" style=\"width: 100%;\" controls=\"controls\"><source type=\"audio\/mpeg\" src=\"https:\/\/platino-davidferrer.com\/wp-content\/uploads\/2015\/07\/FerrerCadenaSER.mp3?_=1\" \/><a href=\"https:\/\/platino-davidferrer.com\/wp-content\/uploads\/2015\/07\/FerrerCadenaSER.mp3\">https:\/\/platino-davidferrer.com\/wp-content\/uploads\/2015\/07\/FerrerCadenaSER.mp3<\/a><\/audio><br \/>\n<strong>AUDIO<\/strong> (via cadena SER) Ferrer: &#8220;Me gusta Conchita porque est\u00e1 abierta al di\u00e1logo y respeta&#8221;<\/p>\n<blockquote><p>\u201cA d\u00eda de hoy todav\u00eda no he podido coger la raqueta, no puedo.<br \/>\nEstoy con mi \u2018fisio\u2019 Rafa trat\u00e1ndome cada d\u00eda, ma\u00f1ana y tarde, haciendo f\u00edsico para no perder la forma y el jueves por la tarde o el viernes ya quiero probar a ver c\u00f3mo estoy y ver si puedo estar, ya no en la Copa Davis, sino en la gira que viene\u201d<\/p>\n<p style=\"margin-bottom:1em;\">\n<p>\u201cYo esperaba estar mejor, te soy sincero. El jueves habl\u00e9 con Conchita, el s\u00e1bado volvimos a hablar y ten\u00eda confianza de lunes o martes tener m\u00e1s opciones de coger la raqueta y poder tocar la pelota. Llevo 3 semanas con esta lesi\u00f3n y pr\u00e1cticamente no he mejorado mucho. Cuando cojo una botella de agua me sigue doliendo, pues me enfada el no encontrar que se me vaya el dolor\u201d<\/p>\n<p style=\"margin-bottom:1em;\">\n<p>\u201cGrandioso no, sinceramente no lo creo. Vengo de una gira que no he jugado partidos, en la que f\u00edsicamente no he acabado desgastado.<br \/>\nMe duele el estar ahora as\u00ed pero tampoco quiero adelantarme y decir si voy a estar o no.<br \/>\nQuiero estos dos d\u00edas tratarme al m\u00e1ximo, intentar acelerar el proceso y ver si el viernes puedo pegar el rev\u00e9s o sacar.<br \/>\nSi no puedo pegar, no puedo competir. Y si no puedo competir lo que hago es perjudicar a mi equipo, a Espa\u00f1a\u201d.<\/p><\/blockquote>\n<p>Ferrer ten\u00eda previsto probarse en una pista de tenis este s\u00e1bado, pero la posibilidad de jugar en Rusia har\u00e1 que coja la raqueta el jueves por la tarde.<\/p>\n<p>La mayor\u00eda de las cosas importantes es la recuperacion de la lesion de \u00e9l. Y siempre respetamos su opinion y estamos para apoyar de David!! Vamos Ferru!!! <\/p>\n<p><a href=\"https:\/\/platino-davidferrer.com\/wp-content\/uploads\/2015\/07\/115668.png\"><img loading=\"lazy\" decoding=\"async\" src=\"https:\/\/platino-davidferrer.com\/wp-content\/uploads\/2015\/07\/115668-300x211.png\" alt=\"115668\" width=\"300\" height=\"211\" class=\"alignnone size-medium wp-image-3687\" srcset=\"https:\/\/platino-davidferrer.com\/wp-content\/uploads\/2015\/07\/115668-300x211.png 300w, https:\/\/platino-davidferrer.com\/wp-content\/uploads\/2015\/07\/115668.png 700w\" sizes=\"auto, (max-width: 300px) 100vw, 300px\" \/><\/a><\/p>\n<p style=\"margin-bottom:2em;\">\n<p><strong>(English)<\/strong><\/p>\n<p><strong>David Ferrer<\/strong> was nominated in <strong>Davis Cup<\/strong> by new coach, <strong>Conchita Martinez<\/strong>.<br \/>\nBut it seems a little complicated.<\/p>\n<p>David&#8217;s coach, <strong>Francisco Fogues<\/strong> said to <strong>Punto de Break<\/strong>.<\/p>\n<blockquote><p>&#8220;The elbow bothers him on normal gestures at daily life.&#8221;<br \/>\n&#8220;It has few options, it is almost impossible to play in Russia&#8221;<br \/>\n&#8220;David is doubting seriously for these two tournaments. (whether he can play)&#8221;<\/p><\/blockquote>\n<p>And <strong>David Ferrer<\/strong> explained microphones on <strong>El Larguero<\/strong>.<\/p>\n<blockquote><p>&#8220;Today, I have not been able to take the racket, I can not.<br \/>\nI am treating with my &#8216;physio&#8217; Rafa every day, morning and evening, doing fitness to keep the form, and Thursday afternoon or Friday, I want to test to check how I am and whether I can be, not in the Davis Cup but on next tour.&#8221;<\/p>\n<p style=\"margin-bottom:1em;\">\n<p>&#8220;I expected to be better, I&#8217;m honest.<br \/>\nOn Thursday I spoke with Conchita, Saturday we spoke again and I had confidence on Monday or Tuesday have more options to pick the racket and to touch the ball.<br \/>\nI took three weeks with the injury and practically I have not improved much. When I take a bottle of water still it hurts me.<br \/>\nThen I&#8217;m annoying that not find way to leave the pain.\u201d<\/p>\n<p style=\"margin-bottom:1em;\">\n<p>&#8220;Not great, honestly I don&#8217;t think so. I come from a tour that I have not played games, which have not finished physically worn. Still, it will hurt me now, but I don&#8217;t want to say what go or not in advance.<br \/>\nI&#8217;ll treat to a maximum in these two days, try to accelerate the process and check whether I can hit the backhand or a serve.<br \/>\nIf I cannot hit to hard, I cannot play well. And if I cannot play, It&#8217;ll be trouble for my team and Spain.&#8221;<\/p><\/blockquote>\n<p>Ferrer has planned to be tested on a tennis court on Saturday, but the possibility of playing in Russia will take the racket on Thursday afternoon.<br \/>\nMost of important things is the recovery from injury of him. And always we respect David&#8217;s opinion and to support David!! Vamos Ferru!!!<\/p>\n<p style=\"margin-bottom:2em;\">\n<p><strong>Fotos:<\/strong><\/p>\n<p><a href=\"https:\/\/platino-davidferrer.com\/wp-content\/uploads\/2015\/07\/129662.png\"><img loading=\"lazy\" decoding=\"async\" src=\"https:\/\/platino-davidferrer.com\/wp-content\/uploads\/2015\/07\/129662-150x150.png\" alt=\"Copa Davis\" width=\"150\" height=\"150\" class=\"alignnone size-thumbnail wp-image-3695\" \/><\/a>\u3000<a href=\"https:\/\/platino-davidferrer.com\/wp-content\/uploads\/2015\/07\/115666.png\"><img loading=\"lazy\" decoding=\"async\" src=\"https:\/\/platino-davidferrer.com\/wp-content\/uploads\/2015\/07\/115666-150x150.png\" alt=\"Copa Davis\" width=\"150\" height=\"150\" class=\"alignnone size-thumbnail wp-image-3693\" \/><\/a>\u3000<a href=\"https:\/\/platino-davidferrer.com\/wp-content\/uploads\/2015\/07\/129661.png\"><img loading=\"lazy\" decoding=\"async\" src=\"https:\/\/platino-davidferrer.com\/wp-content\/uploads\/2015\/07\/129661-150x150.png\" alt=\"Copa Davis\" width=\"150\" height=\"150\" class=\"alignnone size-thumbnail wp-image-3694\" \/><\/a>\u3000<a href=\"https:\/\/platino-davidferrer.com\/wp-content\/uploads\/2015\/07\/129663.png\"><img loading=\"lazy\" decoding=\"async\" src=\"https:\/\/platino-davidferrer.com\/wp-content\/uploads\/2015\/07\/129663-150x150.png\" alt=\"Copa Davis\" width=\"150\" height=\"150\" class=\"alignnone size-thumbnail wp-image-3689\" \/><\/a>\u3000<a href=\"https:\/\/platino-davidferrer.com\/wp-content\/uploads\/2015\/07\/115185.png\"><img loading=\"lazy\" decoding=\"async\" src=\"https:\/\/platino-davidferrer.com\/wp-content\/uploads\/2015\/07\/115185-150x150.png\" alt=\"Copa Davis\" width=\"150\" height=\"150\" class=\"alignnone size-thumbnail wp-image-3692\" \/><\/a><\/p>\n<p><a href=\"https:\/\/platino-davidferrer.com\/wp-content\/uploads\/2015\/07\/134729.jpg\"><img loading=\"lazy\" decoding=\"async\" src=\"https:\/\/platino-davidferrer.com\/wp-content\/uploads\/2015\/07\/134729-150x150.jpg\" alt=\"Copa Davis\" width=\"150\" height=\"150\" class=\"alignnone size-thumbnail wp-image-3690\" \/><\/a>\u3000<a href=\"https:\/\/platino-davidferrer.com\/wp-content\/uploads\/2015\/07\/134750.jpg\"><img loading=\"lazy\" decoding=\"async\" src=\"https:\/\/platino-davidferrer.com\/wp-content\/uploads\/2015\/07\/134750-150x150.jpg\" alt=\"Copa Davis\" width=\"150\" height=\"150\" class=\"alignnone size-thumbnail wp-image-3691\" \/><\/a>\u3000<a href=\"https:\/\/platino-davidferrer.com\/wp-content\/uploads\/2015\/07\/43712.jpg\"><img loading=\"lazy\" decoding=\"async\" src=\"https:\/\/platino-davidferrer.com\/wp-content\/uploads\/2015\/07\/43712-150x150.jpg\" alt=\"Copa Davis\" width=\"150\" height=\"150\" class=\"alignnone size-thumbnail wp-image-3697\" \/><\/a>\u3000<a href=\"https:\/\/platino-davidferrer.com\/wp-content\/uploads\/2015\/07\/134986.png\"><img loading=\"lazy\" decoding=\"async\" src=\"https:\/\/platino-davidferrer.com\/wp-content\/uploads\/2015\/07\/134986-150x150.png\" alt=\"Copa Davis\" width=\"150\" height=\"150\" class=\"alignnone size-thumbnail wp-image-3696\" \/><\/a>\u3000<a href=\"https:\/\/platino-davidferrer.com\/wp-content\/uploads\/2015\/07\/82179.png\"><img loading=\"lazy\" decoding=\"async\" src=\"https:\/\/platino-davidferrer.com\/wp-content\/uploads\/2015\/07\/82179-150x150.png\" alt=\"Copa Davis\" width=\"150\" height=\"150\" class=\"alignnone size-thumbnail wp-image-3700\" \/><\/a><\/p>\n<p><a href=\"https:\/\/platino-davidferrer.com\/wp-content\/uploads\/2015\/07\/82172.jpg\"><img loading=\"lazy\" decoding=\"async\" src=\"https:\/\/platino-davidferrer.com\/wp-content\/uploads\/2015\/07\/82172-150x150.jpg\" alt=\"Copa Davis\" width=\"150\" height=\"150\" class=\"alignnone size-thumbnail wp-image-3698\" \/><\/a>\u3000<a href=\"https:\/\/platino-davidferrer.com\/wp-content\/uploads\/2015\/07\/37580.jpg\"><img loading=\"lazy\" decoding=\"async\" src=\"https:\/\/platino-davidferrer.com\/wp-content\/uploads\/2015\/07\/37580-150x150.jpg\" alt=\"Copa Davis\" width=\"150\" height=\"150\" class=\"alignnone size-thumbnail wp-image-3699\" \/><\/a>\u3000<a href=\"https:\/\/platino-davidferrer.com\/wp-content\/uploads\/2015\/07\/82072.png\"><img loading=\"lazy\" decoding=\"async\" src=\"https:\/\/platino-davidferrer.com\/wp-content\/uploads\/2015\/07\/82072-150x150.png\" alt=\"Copa Davis\" width=\"150\" height=\"150\" class=\"alignnone size-thumbnail wp-image-3702\" \/><\/a>\u3000<a href=\"https:\/\/platino-davidferrer.com\/wp-content\/uploads\/2015\/07\/44662.jpg\"><img loading=\"lazy\" decoding=\"async\" src=\"https:\/\/platino-davidferrer.com\/wp-content\/uploads\/2015\/07\/44662-150x150.jpg\" alt=\"Copa Davis\" width=\"150\" height=\"150\" class=\"alignnone size-thumbnail wp-image-3704\" \/><\/a>\u3000<a href=\"https:\/\/platino-davidferrer.com\/wp-content\/uploads\/2015\/07\/39533.jpg\"><img loading=\"lazy\" decoding=\"async\" src=\"https:\/\/platino-davidferrer.com\/wp-content\/uploads\/2015\/07\/39533-150x150.jpg\" alt=\"Copa Davis\" width=\"150\" height=\"150\" class=\"alignnone size-thumbnail wp-image-3701\" \/><\/a><\/p>\n<p><a href=\"https:\/\/platino-davidferrer.com\/wp-content\/uploads\/2015\/07\/134276.jpg\"><img loading=\"lazy\" decoding=\"async\" src=\"https:\/\/platino-davidferrer.com\/wp-content\/uploads\/2015\/07\/134276-150x150.jpg\" alt=\"Copa Davis\" width=\"150\" height=\"150\" class=\"alignnone size-thumbnail wp-image-3703\" \/><\/a>\u3000<a href=\"https:\/\/platino-davidferrer.com\/wp-content\/uploads\/2015\/07\/134270.jpg\"><img loading=\"lazy\" decoding=\"async\" src=\"https:\/\/platino-davidferrer.com\/wp-content\/uploads\/2015\/07\/134270-150x150.jpg\" alt=\"Copa Davis\" width=\"150\" height=\"150\" class=\"alignnone size-thumbnail wp-image-3705\" \/><\/a>\u3000<a href=\"https:\/\/platino-davidferrer.com\/wp-content\/uploads\/2015\/07\/82070.png\"><img loading=\"lazy\" decoding=\"async\" src=\"https:\/\/platino-davidferrer.com\/wp-content\/uploads\/2015\/07\/82070-150x150.png\" alt=\"Copa Davis\" width=\"150\" height=\"150\" class=\"alignnone size-thumbnail wp-image-3706\" \/><\/a><\/p>\n<p><strong>\uff08Todos los fotos via Copa Davis Official web site!!! Muchas gracias!!!!!)<\/strong><\/p>\n<p style=\"margin-bottom:2em;\">\n<p><strong>LINK:<\/strong><\/p>\n<p><strong><a href=\"http:\/\/www.puntodebreak.com\/\" target=\"_blank\">Punto de Break<\/a><\/strong><\/p>\n<p><strong><a href=\"http:\/\/cadenaser.com\/\" target=\"_blank\">cadena SER<\/a><\/strong><\/p>\n<p><strong><a href=\"http:\/\/www.daviscup.com\/en\/home.aspx\" target=\"_blank\">Copa Davis<\/a><\/strong><\/p>\n","protected":false},"excerpt":{"rendered":"<p>La nueva entrenador, Conchita Mart\u00ednez nomin\u00f3 a David Ferrer en la Copa Davis. Pero parece un poco complicado. [&hellip;]<\/p>\n","protected":false},"author":1,"featured_media":3698,"comment_status":"open","ping_status":"open","sticky":false,"template":"","format":"standard","meta":{"footnotes":""},"categories":[4],"tags":[60,64,29,24,11],"class_list":{"0":"post-3659","1":"post","2":"type-post","3":"status-publish","4":"format-standard","5":"has-post-thumbnail","7":"category-news","8":"tag-audio","9":"tag-copa-davis","10":"tag-interview","11":"tag-news","12":"tag-photo","13":"czr-hentry"},"aioseo_notices":[],"jetpack_featured_media_url":"https:\/\/platino-davidferrer.com\/wp-content\/uploads\/2015\/07\/82172.jpg","_links":{"self":[{"href":"https:\/\/platino-davidferrer.com\/index.php?rest_route=\/wp\/v2\/posts\/3659","targetHints":{"allow":["GET"]}}],"collection":[{"href":"https:\/\/platino-davidferrer.com\/index.php?rest_route=\/wp\/v2\/posts"}],"about":[{"href":"https:\/\/platino-davidferrer.com\/index.php?rest_route=\/wp\/v2\/types\/post"}],"author":[{"embeddable":true,"href":"https:\/\/platino-davidferrer.com\/index.php?rest_route=\/wp\/v2\/users\/1"}],"replies":[{"embeddable":true,"href":"https:\/\/platino-davidferrer.com\/index.php?rest_route=%2Fwp%2Fv2%2Fcomments&post=3659"}],"version-history":[{"count":0,"href":"https:\/\/platino-davidferrer.com\/index.php?rest_route=\/wp\/v2\/posts\/3659\/revisions"}],"wp:featuredmedia":[{"embeddable":true,"href":"https:\/\/platino-davidferrer.com\/index.php?rest_route=\/wp\/v2\/media\/3698"}],"wp:attachment":[{"href":"https:\/\/platino-davidferrer.com\/index.php?rest_route=%2Fwp%2Fv2%2Fmedia&parent=3659"}],"wp:term":[{"taxonomy":"category","embeddable":true,"href":"https:\/\/platino-davidferrer.com\/index.php?rest_route=%2Fwp%2Fv2%2Fcategories&post=3659"},{"taxonomy":"post_tag","embeddable":true,"href":"https:\/\/platino-davidferrer.com\/index.php?rest_route=%2Fwp%2Fv2%2Ftags&post=3659"}],"curies":[{"name":"wp","href":"https:\/\/api.w.org\/{rel}","templated":true}]}}