{"id":3727,"date":"2015-07-15T17:17:54","date_gmt":"2015-07-15T17:17:54","guid":{"rendered":"https:\/\/platino-davidferrer.com\/?p=3727"},"modified":"2015-07-16T17:36:00","modified_gmt":"2015-07-16T17:36:00","slug":"no-puede-jugar-en-rusia","status":"publish","type":"post","link":"https:\/\/platino-davidferrer.com\/?p=3727","title":{"rendered":"no puede jugar en Rusia"},"content":{"rendered":"<p><font size = +1>Desafortunadamente, <strong>David Ferrer <\/strong>no puede jugar en <strong>la Copa Davis<\/strong> en Rusia.<\/font><\/p>\n<p><a href=\"https:\/\/platino-davidferrer.com\/wp-content\/uploads\/2015\/07\/134270.jpg\"><img loading=\"lazy\" decoding=\"async\" src=\"https:\/\/platino-davidferrer.com\/wp-content\/uploads\/2015\/07\/134270-300x200.jpg\" alt=\"Copa Davis\" width=\"300\" height=\"200\" class=\"alignnone size-medium wp-image-3705\" srcset=\"https:\/\/platino-davidferrer.com\/wp-content\/uploads\/2015\/07\/134270-300x200.jpg 300w, https:\/\/platino-davidferrer.com\/wp-content\/uploads\/2015\/07\/134270.jpg 700w\" sizes=\"auto, (max-width: 300px) 100vw, 300px\" \/><\/a><br \/>\n(foto via Copa Davis Official)<\/p>\n<p>Unfortunately, David can&#8217;t play at Davis Cup in Russia.<br \/>\nDavid tweeted about it by himself at friday. <\/p>\n<blockquote><p>Despu\u00e9s de las pruebas de ayer con el m\u00e9dico de la RFET \u00c1ngel Cotorro y mi fisio @RafaGAfisio no podr\u00e9 estar en la Davis. No se cuando voy a poder estar en activo. Os ir\u00e9 informando. Un abrazo a todos!<\/p><\/blockquote>\n<p><strong>After testing with RFET doctor Angel Cotorro and my physio Rafa yesterday, I can not be at the Davis Cup. I do not know when I&#8217;ll be able to be active. I&#8217;ll report. A hug to everyone!(English)<\/strong><\/p>\n<p style=\"margin-bottom:3em;\">\n<p>David no puede jugar en Rusia debido a la lesi\u00f3n del codo.<br \/>\nY Tommy Robredo jugar\u00e1 en lugar de David.<br \/>\nRealmente esperamos que David se recupere r\u00e1pidamente. Siempre que lo m\u00e1s importante es su salud.<\/p>\n<p>Equipo Espa\u00f1a jugar\u00e1 primer partido en Vladivostok en el viernes 17 de julio.<\/p>\n<p>******************<\/p>\n<p>David won&#8217;t be able to play in Russia due to the injury of the elbow.<br \/>\nAnd Tommy Robredo will play instead of David.<br \/>\nWe really hope David will be able to recover quickly. Always the most important thing is his health.<\/p>\n<p>Team Spain will play first match at Vladivostok in Friday 17th July.<\/p>\n<p style=\"margin-bottom:3em;\">\n<font size = +1><strong>Mucho \u00e1nimo Ferru! y Mucha suerte Espa\u00f1a!!!<\/strong><\/font><\/p>\n<p><a href=\"https:\/\/platino-davidferrer.com\/wp-content\/uploads\/2015\/07\/AAA.jpg\"><img loading=\"lazy\" decoding=\"async\" src=\"https:\/\/platino-davidferrer.com\/wp-content\/uploads\/2015\/07\/AAA-300x226.jpg\" alt=\"Equipo Espa\u00f1a\" width=\"300\" height=\"226\" class=\"alignnone size-medium wp-image-3746\" srcset=\"https:\/\/platino-davidferrer.com\/wp-content\/uploads\/2015\/07\/AAA-300x226.jpg 300w, https:\/\/platino-davidferrer.com\/wp-content\/uploads\/2015\/07\/AAA.jpg 652w\" sizes=\"auto, (max-width: 300px) 100vw, 300px\" \/><\/a><\/p>\n<p style=\"margin-bottom:3em;\">\n<p><strong>Article :<\/strong><\/p>\n<p><strong><a href=\"http:\/\/www.marca.com\/2015\/07\/10\/tenis\/copa_davis\/1436522953.html\" target=\"_blank\">Robredo entra por Ferrer en el equipo de Copa Davis<\/a><\/strong><br \/>\n(via MARCA)<\/p>\n<p><strong><a href=\"http:\/\/www.elmundo.es\/deportes\/2015\/07\/10\/559fa1fb46163f002f8b4580.html\" target=\"_blank\">David Ferrer se cae de la Davis<\/a><\/strong><br \/>\n(via El Mundo)<\/p>\n<p><strong><a href=\"http:\/\/www.abc.es\/deportes\/tenis\/20150710\/abci-ferrer-copa-davis-201507101224.html\" target=\"_blank\">David Ferrer, baja en la Copa Davis<\/a><\/strong><br \/>\n(via abs.es)<\/p>\n<p><a href=\"http:\/\/www.sport.es\/es\/noticias\/tenis\/david-ferrer-anuncia-baja-copa-davis-4345725\" target=\"_blank\"><strong>David Ferrer anuncia su baja en la Copa Davis<\/strong><\/a><br \/>\n(via sport.es)<\/p>\n<p><strong><a href=\"http:\/\/www.eluniverso.com\/deportes\/2015\/07\/10\/nota\/5011288\/david-ferrer-se-perdera-lesion-eliminatoria-copa-davis\" target=\"_blank\">David Ferrer se perder\u00e1 por lesi\u00f3n la eliminatoria de Copa Davis<\/a><\/strong><br \/>\n(via el universo)<\/p>\n","protected":false},"excerpt":{"rendered":"<p>Desafortunadamente, David Ferrer no puede jugar en la Copa Davis en Rusia. (foto via Copa Davis Official) Unfo [&hellip;]<\/p>\n","protected":false},"author":1,"featured_media":3705,"comment_status":"open","ping_status":"open","sticky":false,"template":"","format":"standard","meta":{"footnotes":""},"categories":[4],"tags":[64,24,30],"class_list":{"0":"post-3727","1":"post","2":"type-post","3":"status-publish","4":"format-standard","5":"has-post-thumbnail","7":"category-news","8":"tag-copa-davis","9":"tag-news","10":"tag-tweet-from-david","11":"czr-hentry"},"aioseo_notices":[],"jetpack_featured_media_url":"https:\/\/platino-davidferrer.com\/wp-content\/uploads\/2015\/07\/134270.jpg","_links":{"self":[{"href":"https:\/\/platino-davidferrer.com\/index.php?rest_route=\/wp\/v2\/posts\/3727","targetHints":{"allow":["GET"]}}],"collection":[{"href":"https:\/\/platino-davidferrer.com\/index.php?rest_route=\/wp\/v2\/posts"}],"about":[{"href":"https:\/\/platino-davidferrer.com\/index.php?rest_route=\/wp\/v2\/types\/post"}],"author":[{"embeddable":true,"href":"https:\/\/platino-davidferrer.com\/index.php?rest_route=\/wp\/v2\/users\/1"}],"replies":[{"embeddable":true,"href":"https:\/\/platino-davidferrer.com\/index.php?rest_route=%2Fwp%2Fv2%2Fcomments&post=3727"}],"version-history":[{"count":0,"href":"https:\/\/platino-davidferrer.com\/index.php?rest_route=\/wp\/v2\/posts\/3727\/revisions"}],"wp:featuredmedia":[{"embeddable":true,"href":"https:\/\/platino-davidferrer.com\/index.php?rest_route=\/wp\/v2\/media\/3705"}],"wp:attachment":[{"href":"https:\/\/platino-davidferrer.com\/index.php?rest_route=%2Fwp%2Fv2%2Fmedia&parent=3727"}],"wp:term":[{"taxonomy":"category","embeddable":true,"href":"https:\/\/platino-davidferrer.com\/index.php?rest_route=%2Fwp%2Fv2%2Fcategories&post=3727"},{"taxonomy":"post_tag","embeddable":true,"href":"https:\/\/platino-davidferrer.com\/index.php?rest_route=%2Fwp%2Fv2%2Ftags&post=3727"}],"curies":[{"name":"wp","href":"https:\/\/api.w.org\/{rel}","templated":true}]}}