{"id":3759,"date":"2015-07-17T07:47:50","date_gmt":"2015-07-17T07:47:50","guid":{"rendered":"https:\/\/platino-davidferrer.com\/?p=3759"},"modified":"2015-07-17T07:47:50","modified_gmt":"2015-07-17T07:47:50","slug":"withdraws-from-bastad","status":"publish","type":"post","link":"https:\/\/platino-davidferrer.com\/?p=3759","title":{"rendered":"withdraws from B\u00e5stad"},"content":{"rendered":"<p><strong>Desafortunadamente, David Ferrer no puede jugar de Swedish Open en Bastad debido a la lesi\u00f3n del codo.<\/strong><\/p>\n<p><a href=\"https:\/\/platino-davidferrer.com\/wp-content\/uploads\/2015\/07\/skst.jpg\"><img loading=\"lazy\" decoding=\"async\" src=\"https:\/\/platino-davidferrer.com\/wp-content\/uploads\/2015\/07\/skst-300x188.jpg\" alt=\"Skistar Swedish Open 2014\" width=\"300\" height=\"188\" class=\"alignnone size-medium wp-image-3762\" srcset=\"https:\/\/platino-davidferrer.com\/wp-content\/uploads\/2015\/07\/skst-300x188.jpg 300w, https:\/\/platino-davidferrer.com\/wp-content\/uploads\/2015\/07\/skst.jpg 1024w\" sizes=\"auto, (max-width: 300px) 100vw, 300px\" \/><\/a><\/p>\n<p><strong>David Ferrer<\/strong> se baja del torneo de <strong>Bastad<\/strong> (20-26 de julio) debido a una lesi\u00f3n codos.<br \/>\nTambi\u00e9n cancel\u00f3 para jugar en <strong>la Copa Davis<\/strong> en Rusia (17-19 de julio).<br \/>\nSeg\u00fan Skistar Swedish Open, El jugador mejor clasificado que jugar\u00e1 en Bastad ser\u00e1 David Goffin.<br \/>\nEl torneo comenzar\u00e1 el lunes.<br \/>\nRealmente esperamos que pueda recuperarse r\u00e1pidamente!<\/p>\n<p>*****************<\/p>\n<p>David Ferrer withdraws from Bastad (20-26 Jul) due to elbows injury. Also he cancelled play at Davis cup in Russia (17-19 Jul).<br \/>\nAccording to Skistar Swedish Open, the highest ranked player that will play at bastad will be David Goffin. The competition starts on Monday.<br \/>\nWe really hope that he can recover quickly!<\/p>\n<p><strong><font size=+2>Mucho \u00e1nimo, Ferru!!<\/font><\/strong><\/p>\n<p style=\"margin-bottom:3em;\">\n<p><strong>Link:<\/strong><\/p>\n<p><strong><a href=\"http:\/\/men.swedishopen.org\/\" target=\"_blank\">Skistar Swedish Open Official web site<\/a><\/strong><\/p>\n<p><a href=\"http:\/\/www.svt.se\/sport\/tennis\/bastads-affischnamn-hoppar-av\" target=\"_blank\"><strong>David Ferrer kommer inte till Swedish Open p\u00e5 grund av en armb\u00e5gsskada<\/strong><\/a><br \/>\nvia STV.se<\/p>\n","protected":false},"excerpt":{"rendered":"<p>Desafortunadamente, David Ferrer no puede jugar de Swedish Open en Bastad debido a la lesi\u00f3n del codo. David F [&hellip;]<\/p>\n","protected":false},"author":1,"featured_media":3762,"comment_status":"open","ping_status":"open","sticky":false,"template":"","format":"standard","meta":{"footnotes":""},"categories":[4],"tags":[24,67],"class_list":{"0":"post-3759","1":"post","2":"type-post","3":"status-publish","4":"format-standard","5":"has-post-thumbnail","7":"category-news","8":"tag-news","9":"tag-skistar-swedish-open-2015","10":"czr-hentry"},"aioseo_notices":[],"jetpack_featured_media_url":"https:\/\/platino-davidferrer.com\/wp-content\/uploads\/2015\/07\/skst.jpg","_links":{"self":[{"href":"https:\/\/platino-davidferrer.com\/index.php?rest_route=\/wp\/v2\/posts\/3759","targetHints":{"allow":["GET"]}}],"collection":[{"href":"https:\/\/platino-davidferrer.com\/index.php?rest_route=\/wp\/v2\/posts"}],"about":[{"href":"https:\/\/platino-davidferrer.com\/index.php?rest_route=\/wp\/v2\/types\/post"}],"author":[{"embeddable":true,"href":"https:\/\/platino-davidferrer.com\/index.php?rest_route=\/wp\/v2\/users\/1"}],"replies":[{"embeddable":true,"href":"https:\/\/platino-davidferrer.com\/index.php?rest_route=%2Fwp%2Fv2%2Fcomments&post=3759"}],"version-history":[{"count":0,"href":"https:\/\/platino-davidferrer.com\/index.php?rest_route=\/wp\/v2\/posts\/3759\/revisions"}],"wp:featuredmedia":[{"embeddable":true,"href":"https:\/\/platino-davidferrer.com\/index.php?rest_route=\/wp\/v2\/media\/3762"}],"wp:attachment":[{"href":"https:\/\/platino-davidferrer.com\/index.php?rest_route=%2Fwp%2Fv2%2Fmedia&parent=3759"}],"wp:term":[{"taxonomy":"category","embeddable":true,"href":"https:\/\/platino-davidferrer.com\/index.php?rest_route=%2Fwp%2Fv2%2Fcategories&post=3759"},{"taxonomy":"post_tag","embeddable":true,"href":"https:\/\/platino-davidferrer.com\/index.php?rest_route=%2Fwp%2Fv2%2Ftags&post=3759"}],"curies":[{"name":"wp","href":"https:\/\/api.w.org\/{rel}","templated":true}]}}