{"id":378,"date":"2014-12-28T00:00:07","date_gmt":"2014-12-28T00:00:07","guid":{"rendered":"https:\/\/platino-davidferrer.com\/?p=378"},"modified":"2015-03-08T14:26:01","modified_gmt":"2015-03-08T14:26:01","slug":"interview-of-elpais-27dic-2014","status":"publish","type":"post","link":"https:\/\/platino-davidferrer.com\/?p=378","title":{"rendered":"Interview: &#8220;El tenis ha evolucionado a pensar menos y golpear m\u00e1s&#8221;"},"content":{"rendered":"<p>David Ferrer Said at Interview of <a href=\"http:\/\/deportes.elpais.com\/deportes\/2014\/12\/27\/actualidad\/1419707564_321270.html\" title=\"El Pais Deportes\" target=\"_blank\">El Pais Deportes<\/a>, \u201cEl tenis ha evolucionado a pensar menos y golpear m\u00e1s\u201d.<br \/>\nMeans, &#8220;Tennis has evolved to think less and hit more&#8221;.<br \/>\n<a href=\"https:\/\/platino-davidferrer.com\/wp-content\/uploads\/2014\/12\/elpais_noticia.jpg\"><img loading=\"lazy\" decoding=\"async\" src=\"https:\/\/platino-davidferrer.com\/wp-content\/uploads\/2014\/12\/elpais_noticia-300x200.jpg\" alt=\"elpais_noticia\" width=\"300\" height=\"200\" class=\"alignnone size-medium wp-image-380\" srcset=\"https:\/\/platino-davidferrer.com\/wp-content\/uploads\/2014\/12\/elpais_noticia-300x200.jpg 300w, https:\/\/platino-davidferrer.com\/wp-content\/uploads\/2014\/12\/elpais_noticia.jpg 980w\" sizes=\"auto, (max-width: 300px) 100vw, 300px\" \/><\/a><br \/>\n-foto via: Julian Finney (Getty Images)<\/p>\n<p>He says,<br \/>\nThere is always pressure, but I have much more experience. I understand much more tennis, and defeats. I have the motivation to stay in the top10.<\/p>\n<p>All interview is here!<\/p>\n<p>*****<\/p>\n<p>A los 32 a\u00f1os, David Ferrer es el d\u00e9cimo mejor tenista del planeta. Su tenis rocoso oculta a un hombre reflexivo, que mira hacia su interior para explicarse lo que le pasa en la pista. En 2014, y por primera vez desde 2009, no se clasific\u00f3 para la Copa de Maestros, que re\u00fane a los ocho mejores tenistas del curso. Durante la temporada, pas\u00f3 de ser el n\u00famero tres mundial a ser el diez. Ahora, justo antes de que arranque la temporada de 2015, explica todo lo que ha cambiado para volver a ser el mismo: entrenador, cordajes, entrenamientos&#8230;<\/p>\n<p><strong>Pregunta.<\/strong><br \/>\nEn el sprint final del curso pasado, cuando luchaba por la Copa de Maestros, perdi\u00f3 partidos muy peleados, como la final de Viena, por la que lleg\u00f3 a sacar, contra Andy Murray; o los cuartos de Par\u00eds-Bercy, que ten\u00eda en sus manos, ante Kei Nishikori. \u00bfQu\u00e9 le pasa en esos momentos?<\/p>\n<p><strong>Respuesta. <\/strong><br \/>\nInfluye mucho el nivel mental. La ansiedad. Este a\u00f1o he notado que en ciertos momentos he dado un peque\u00f1o paso atr\u00e1s en ansiedad, en tener m\u00e1s miedo.<br \/>\nEso genera desconfianza. Dudas. Me acelero. No marco los tiempos. Es no tener cierta tranquilidad en momentos importantes. Este a\u00f1o he tenido peque\u00f1os baches ah\u00ed.<\/p>\n<p><strong>Pregunta. <\/strong><br \/>\n\u00bfC\u00f3mo se soluciona eso?<\/p>\n<p><strong>Respuesta.<\/strong><br \/>\nCon tranquilidad. Con trabajo, trabajo y trabajo. Con un equipo en el que realmente conf\u00edas. Sabiendo que lo que hago tiene un sentido, que no estoy trabajando solo por trabajar, que estoy haciendo las cosas bien. La ilusi\u00f3n la sigo teniendo, incluso m\u00e1s que antes. Siempre hay presi\u00f3n, pero tengo mucha m\u00e1s experiencia, entiendo mucho m\u00e1s el tenis, y las derrotas. Tengo la motivaci\u00f3n de mantenerme en el top-10 y de llegar a la Copa de Maestros. No ha sido un mal a\u00f1o, pero me ha dolido no estar entre los ocho primeros en 2014.<\/p>\n<p><strong>Pregunta. <\/strong><br \/>\nEn un a\u00f1o ha cambiado tres veces de entrenador: de Javier Piles pas\u00f3 a Jos\u00e9 Altur y ahora a Francisco Fogu\u00e9s.<\/p>\n<p><strong>Respuesta.<\/strong><br \/>\nJavier y yo llev\u00e1bamos much\u00edsimos a\u00f1os juntos, hab\u00eda un desgaste. Todo lo que he conseguido profesionalmente, en gran parte, ha sido gracias a \u00e9l: fue el primero que confi\u00f3 en m\u00ed, el primero que se sacrific\u00f3 por m\u00ed. Siempre tendr\u00e1 todos mis respetos.<\/p>\n<p><strong>Pregunta. <\/strong><br \/>\n\u00bfPor qu\u00e9 Fogu\u00e9s?<\/p>\n<p><strong>Respuesta.<\/strong><br \/>\nConf\u00edo mucho en \u00e9l. Es muy honesto, muy claro en lo que me dice. Quiero gente que me pueda ayudar ten\u00edsticamente, por supuesto, pero tambi\u00e9n personalmente, en el d\u00eda a d\u00eda, en la convivencia, creando confianza a la hora de trabajar. Es muy importante para m\u00ed entrenarme y jugar sabiendo que soy yo, que hay confianza con el entrenador para debatir ciertas cosas.<\/p>\n<p><strong>Pregunta. <\/strong><br \/>\n\u00bfCon Altur hab\u00eda intranquilidad?<\/p>\n<p><strong>Respuesta.<\/strong><br \/>\nNo. Vemos el tenis de manera diferente, y no pasa nada. Es un grand\u00edsimo t\u00e9cnico, pero su forma de trabajar y ver el tenis es diferente a la m\u00eda. Ning\u00fan problema, ni personal ni nada. Lo que pasa es que hay que confiar en lo que haces, en el trabajo y a mediados de a\u00f1o no ten\u00edamos ese feeling ten\u00edstico, en el planteamiento estrat\u00e9gico o de conocimiento personal, del circuito&#8230; Por eso viaj\u00f3 11 semanas y no lleg\u00f3 a viajar m\u00e1s y acab\u00f3 nuestra relaci\u00f3n. S\u00e9 que Paco Fogu\u00e9s me conoce mucho personal y profesionalmente.<\/p>\n<p><strong>Pregunta. <\/strong><br \/>\n\u00bfQu\u00e9 ha cambiado con \u00e9l?<\/p>\n<p><strong>Respuesta.<\/strong><br \/>\nTengo 32 a\u00f1os, y esta pretemporada he mejorado cosas que igual pensaba que jam\u00e1s podr\u00eda mejorar. Es mi evoluci\u00f3n para poder jugar contra los mejores. Hay jugadores j\u00f3venes que vienen muy fuertes f\u00edsicamente, el tenis ha evolucionado a mucha m\u00e1s potencia, a pensar menos y golpear m\u00e1s fuerte la pelota. Aunque las pistas ya no son tan r\u00e1pidas como antes y puedes contrarrestar, ya hay pocos jugadores que puedan medir 1,75m, como yo [a menos estatura, menos envergadura y m\u00e1s dificultades para tener un buen saque]. Por eso tengo que evolucionar en mi juego, en los pasos, para anticiparme. Juego m\u00e1s con los movimientos. Siempre he sido bastante coordinado, pero esta pretemporada he hecho hincapi\u00e9 en mejorar la coordinaci\u00f3n para no correr tanto. He cambiado un poco el saque y el jugar a variar ritmos.<\/p>\n<p><strong>Pregunta. <\/strong><br \/>\n\u00bfC\u00f3mo?<\/p>\n<p><strong>Respuesta.<\/strong><br \/>\nEstoy entren\u00e1ndome mucho en la playa. Con y sin raqueta, sobre la arena hago como si jugara al tenis: movimientos laterales, voleas, idas y vueltas, que es m\u00e1s anaer\u00f3bico, coordinaci\u00f3n en playa. Nunca hab\u00eda hecho pesas de piernas y las estoy haciendo para apoyar m\u00e1s fuerte para volver antes. Funcionar\u00e1 o no, pero cuando llego a casa tengo la ilusi\u00f3n de que voy mejorando. He variado los entrenamientos, cuidando mucho la t\u00e9cnica.<\/p>\n<p><strong>Pregunta. <\/strong><br \/>\n\u00bfY la raqueta?<\/p>\n<p><strong>Respuesta.<\/strong><br \/>\nBuscaba m\u00e1s juego profundo en mi golpe, no potencia. En 2014 he notado que en ciertos momentos no dominaba tanto el punto, que iba a remolque, que con cierto tipo de jugadores iba m\u00e1s a la defensiva. Busco que el cordaje me ayude a jugar m\u00e1s largo para tener m\u00e1s pista. He cambiado a un h\u00edbrido: un tipo de cordaje en las cuerdas verticales y otro en las horizontales, que despide un poco m\u00e1s la pelota.<\/p>\n<p><strong>Pregunta. <\/strong><br \/>\nHaga tenis ficci\u00f3n. \u00bfY si hubiera tenido un rev\u00e9s paralelo mejor?<\/p>\n<p><strong>Respuesta.<\/strong><br \/>\n\u00bfY si hubiera tenido un saque mejor? Me dec\u00eda: \u201c\u00bfPor qu\u00e9 no pude tener dos o tres cent\u00edmetros m\u00e1s?\u201d Igual no necesitaba m\u00e1s&#8230; pero he llegado a ser n\u00famero tres y me he adaptado. Lo que tengo es lo que hay. Cada a\u00f1o he intentado mejorar. Quiz\u00e1s 2014 ha sido el a\u00f1o en el que menos he evolucionado ten\u00edsticamente.<\/p>\n<p><strong>Pregunta. <\/strong><br \/>\nLleva sin jugar la Davis desde 2012 y el nombramiento de Gala Le\u00f3n como seleccionadora ha abierto una brecha con el vestuario \u00bfVolver\u00e1 a jugar con Espa\u00f1a o con 32 a\u00f1os piensa en retirarse de la lucha por la Ensaladera?<\/p>\n<p><strong>Respuesta.<\/strong><br \/>\nPara m\u00ed, ir o no ir no depende de la pol\u00e9mica, de que est\u00e9 Gala, Juan Carlos [Ferrero] u otro capit\u00e1n. Tampoco puedo decir que me plantee dejar la Davis a corto plazo. Estoy diez del mundo. Estando bien ten\u00edsticamente no quiero acabar no jugando nunca m\u00e1s la Davis. Volver\u00e9 a jugarla. El formato tiene que cambiar, cada a\u00f1o me cuesta m\u00e1s gestionarme el calendario, que es muy apretado, y hay que sacrificar ciertas cosas&#8230; cuando vea que no sirvo, que no estoy ten\u00edsticamente bien, ser\u00e9 el primero que diga que no vuelvo a jugar.<\/p>\n<p>(via <a href=\"http:\/\/deportes.elpais.com\/deportes\/2014\/12\/27\/actualidad\/1419707564_321270.html\" title=\"El Pais Deportes\" target=\"_blank\">El Pais Deportes<\/a>,  Juan Jos\u00e9 Mateo, 27 DIC 2014)<\/p>\n","protected":false},"excerpt":{"rendered":"<p>David Ferrer Said at Interview of El Pais Deportes, \u201cEl tenis ha evolucionado a pensar menos y golpear m\u00e1s\u201d. M [&hellip;]<\/p>\n","protected":false},"author":1,"featured_media":0,"comment_status":"open","ping_status":"open","sticky":false,"template":"","format":"standard","meta":{"footnotes":""},"categories":[27],"tags":[29],"class_list":{"0":"post-378","1":"post","2":"type-post","3":"status-publish","4":"format-standard","6":"category-interview","7":"tag-interview","8":"czr-hentry"},"aioseo_notices":[],"jetpack_featured_media_url":"","_links":{"self":[{"href":"https:\/\/platino-davidferrer.com\/index.php?rest_route=\/wp\/v2\/posts\/378","targetHints":{"allow":["GET"]}}],"collection":[{"href":"https:\/\/platino-davidferrer.com\/index.php?rest_route=\/wp\/v2\/posts"}],"about":[{"href":"https:\/\/platino-davidferrer.com\/index.php?rest_route=\/wp\/v2\/types\/post"}],"author":[{"embeddable":true,"href":"https:\/\/platino-davidferrer.com\/index.php?rest_route=\/wp\/v2\/users\/1"}],"replies":[{"embeddable":true,"href":"https:\/\/platino-davidferrer.com\/index.php?rest_route=%2Fwp%2Fv2%2Fcomments&post=378"}],"version-history":[{"count":0,"href":"https:\/\/platino-davidferrer.com\/index.php?rest_route=\/wp\/v2\/posts\/378\/revisions"}],"wp:attachment":[{"href":"https:\/\/platino-davidferrer.com\/index.php?rest_route=%2Fwp%2Fv2%2Fmedia&parent=378"}],"wp:term":[{"taxonomy":"category","embeddable":true,"href":"https:\/\/platino-davidferrer.com\/index.php?rest_route=%2Fwp%2Fv2%2Fcategories&post=378"},{"taxonomy":"post_tag","embeddable":true,"href":"https:\/\/platino-davidferrer.com\/index.php?rest_route=%2Fwp%2Fv2%2Ftags&post=378"}],"curies":[{"name":"wp","href":"https:\/\/api.w.org\/{rel}","templated":true}]}}