{"id":3893,"date":"2015-07-31T12:41:48","date_gmt":"2015-07-31T12:41:48","guid":{"rendered":"https:\/\/platino-davidferrer.com\/?p=3893"},"modified":"2015-07-31T12:44:48","modified_gmt":"2015-07-31T12:44:48","slug":"sin-parar-vamos-david","status":"publish","type":"post","link":"https:\/\/platino-davidferrer.com\/?p=3893","title":{"rendered":"sin parar! Vamos David!"},"content":{"rendered":"<p><strong>David Ferrer<\/strong> contin\u00faa la entrenamiento tambi\u00e9n hoy en el <strong>Sporting Tenis Valencia<\/strong>!<br \/>\nDebemos de ser capaces de ver que \u00e9l habr\u00eda sido a\u00fan m\u00e1s fuerte! <strong>Vamos David<\/strong> !!!<\/p>\n<p>David Ferrer is continuing training also today at Sporting Tenis Valencia!<br \/>\nWe must be able to see that he would have been even stronger! Vamos David!!!<\/p>\n<p><a href=\"https:\/\/platino-davidferrer.com\/wp-content\/uploads\/2015\/07\/73101.jpg\"><img loading=\"lazy\" decoding=\"async\" src=\"https:\/\/platino-davidferrer.com\/wp-content\/uploads\/2015\/07\/73101-300x194.jpg\" alt=\"en Sporting Tenis valencia\" width=\"300\" height=\"194\" class=\"alignnone size-medium wp-image-3897\" srcset=\"https:\/\/platino-davidferrer.com\/wp-content\/uploads\/2015\/07\/73101-300x194.jpg 300w, https:\/\/platino-davidferrer.com\/wp-content\/uploads\/2015\/07\/73101.jpg 960w\" sizes=\"auto, (max-width: 300px) 100vw, 300px\" \/><\/a>\u3000<a href=\"https:\/\/platino-davidferrer.com\/wp-content\/uploads\/2015\/07\/73102.jpg\"><img loading=\"lazy\" decoding=\"async\" src=\"https:\/\/platino-davidferrer.com\/wp-content\/uploads\/2015\/07\/73102-150x150.jpg\" alt=\"en Sporting Tenis valencia\" width=\"150\" height=\"150\" class=\"alignnone size-thumbnail wp-image-3898\" \/><\/a>\u3000<a href=\"https:\/\/platino-davidferrer.com\/wp-content\/uploads\/2015\/07\/73103.jpg\"><img loading=\"lazy\" decoding=\"async\" src=\"https:\/\/platino-davidferrer.com\/wp-content\/uploads\/2015\/07\/73103-150x150.jpg\" alt=\"en Sporting Tenis valencia\" width=\"150\" height=\"150\" class=\"alignnone size-thumbnail wp-image-3899\" \/><\/a><\/p>\n<p><font size = -1><em>&#8220;Y sigue trabajando sin parar!!!! Es que es infatigable nuestro David Ferrer!!! Hoy junto a Sara Sorribes dando lo mejor de ellos a pesar del calorazo! Y es que para algunos las vacaciones no son sin\u00f3nimo de descanso!!! Bravo!!!!&#8221;<\/em><br \/>\n(via <strong><a href=\"https:\/\/www.facebook.com\/sporting.club.tenis\" target=\"_blank\">Sporting Tenis De Valencia<\/a><\/strong> facebook)<\/font><\/p>\n<p style=\"margin-bottom:3em;\">\n<p>And Yesterday, <strong>SND (Servicio de Nutrici\u00f3n y Deporte UMH)<\/strong> and <strong>Dr. Nestor Vicente<\/strong> made periodic nutritional assessment of David Ferrer!<\/p>\n<p><a href=\"https:\/\/platino-davidferrer.com\/wp-content\/uploads\/2015\/07\/730neso.jpg\"><img loading=\"lazy\" decoding=\"async\" src=\"https:\/\/platino-davidferrer.com\/wp-content\/uploads\/2015\/07\/730neso-300x217.jpg\" alt=\"en Servicio de Nutrici\u00f3n y Deporte UMH\" width=\"300\" height=\"217\" class=\"alignnone size-medium wp-image-3902\" srcset=\"https:\/\/platino-davidferrer.com\/wp-content\/uploads\/2015\/07\/730neso-300x217.jpg 300w, https:\/\/platino-davidferrer.com\/wp-content\/uploads\/2015\/07\/730neso.jpg 960w\" sizes=\"auto, (max-width: 300px) 100vw, 300px\" \/><\/a><\/p>\n<p><font size = -1><em>&#8220;Nuestro compa\u00f1ero del <strong>SND<\/strong>, el <strong>Dr. N\u00e9stor Vicente<\/strong>, ha realizado esta ma\u00f1ana la valoraci\u00f3n nutricional peri\u00f3dica del tenista espa\u00f1ol <strong>David Ferrer<\/strong> junto a su equipo t\u00e9cnico.<br \/>\nMantenemos una l\u00ednea de trabajo que le permita llegar en las mejores condiciones f\u00edsicas posibles al circuito norteamericano de las pr\u00f3ximas semanas. Debemos tener en cuenta aspectos como el jet-lag, la deshidrataci\u00f3n debido al clima y los torneos prolonagdos como el US Open donde la recuperaci\u00f3n de cada partido es clave.<br \/>\nTodo un placer colaborar con estos grandes profesionales.&#8221;<\/em><br \/>\n(via <strong><a href=\"https:\/\/www.facebook.com\/pages\/Servicio-de-Nutrici%C3%B3n-y-Deporte-UMH\/371031182925760\" target=\"_blank\">Servicio de Nutrici\u00f3n y Deporte UMH<\/a><\/strong> Facebook)<\/font><\/p>\n<p style=\"margin-bottom:3em;\">\n(Much\u00edsimas gracias <strong><a href=\"http:\/\/www.sportingclubdetenis.com\/\" target=\"_blank\">Sporting Tenis Valencia<\/a><\/strong> y <strong><a href=\"http:\/\/nutricionumh.blogspot.com.es\/\" target=\"_blank\">Servicio de Nutrici\u00f3n y Deporte UMH<\/a><\/strong>!!!)<\/p>\n","protected":false},"excerpt":{"rendered":"<p>David Ferrer contin\u00faa la entrenamiento tambi\u00e9n hoy en el Sporting Tenis Valencia! Debemos de ser capaces de ve [&hellip;]<\/p>\n","protected":false},"author":1,"featured_media":3914,"comment_status":"open","ping_status":"open","sticky":false,"template":"","format":"standard","meta":{"footnotes":""},"categories":[4],"tags":[24,41,45],"class_list":{"0":"post-3893","1":"post","2":"type-post","3":"status-publish","4":"format-standard","5":"has-post-thumbnail","7":"category-news","8":"tag-news","9":"tag-training","10":"tag-valencia","11":"czr-hentry"},"aioseo_notices":[],"jetpack_featured_media_url":"https:\/\/platino-davidferrer.com\/wp-content\/uploads\/2015\/07\/2eye730neso.jpg","_links":{"self":[{"href":"https:\/\/platino-davidferrer.com\/index.php?rest_route=\/wp\/v2\/posts\/3893","targetHints":{"allow":["GET"]}}],"collection":[{"href":"https:\/\/platino-davidferrer.com\/index.php?rest_route=\/wp\/v2\/posts"}],"about":[{"href":"https:\/\/platino-davidferrer.com\/index.php?rest_route=\/wp\/v2\/types\/post"}],"author":[{"embeddable":true,"href":"https:\/\/platino-davidferrer.com\/index.php?rest_route=\/wp\/v2\/users\/1"}],"replies":[{"embeddable":true,"href":"https:\/\/platino-davidferrer.com\/index.php?rest_route=%2Fwp%2Fv2%2Fcomments&post=3893"}],"version-history":[{"count":0,"href":"https:\/\/platino-davidferrer.com\/index.php?rest_route=\/wp\/v2\/posts\/3893\/revisions"}],"wp:featuredmedia":[{"embeddable":true,"href":"https:\/\/platino-davidferrer.com\/index.php?rest_route=\/wp\/v2\/media\/3914"}],"wp:attachment":[{"href":"https:\/\/platino-davidferrer.com\/index.php?rest_route=%2Fwp%2Fv2%2Fmedia&parent=3893"}],"wp:term":[{"taxonomy":"category","embeddable":true,"href":"https:\/\/platino-davidferrer.com\/index.php?rest_route=%2Fwp%2Fv2%2Fcategories&post=3893"},{"taxonomy":"post_tag","embeddable":true,"href":"https:\/\/platino-davidferrer.com\/index.php?rest_route=%2Fwp%2Fv2%2Ftags&post=3893"}],"curies":[{"name":"wp","href":"https:\/\/api.w.org\/{rel}","templated":true}]}}