{"id":3933,"date":"2015-08-05T12:44:37","date_gmt":"2015-08-05T12:44:37","guid":{"rendered":"https:\/\/platino-davidferrer.com\/?p=3933"},"modified":"2015-08-05T12:44:37","modified_gmt":"2015-08-05T12:44:37","slug":"david-no-disputara-en-montreal","status":"publish","type":"post","link":"https:\/\/platino-davidferrer.com\/?p=3933","title":{"rendered":"David no disputar\u00e1 en Montreal"},"content":{"rendered":"<p><strong>Mucho \u00e1nimo David!!! <\/strong><\/p>\n<p><strong>Lamentablemente David Ferrer no disputar\u00e1 en Montreal con su lesion en el codo.<\/strong><br \/>\nRealmente esperamos que pueda recuperarse completamente.<\/p>\n<p><a href=\"https:\/\/platino-davidferrer.com\/wp-content\/uploads\/2015\/08\/RC1.jpg\"><img loading=\"lazy\" decoding=\"async\" src=\"https:\/\/platino-davidferrer.com\/wp-content\/uploads\/2015\/08\/RC1-300x210.jpg\" alt=\"2014 Rogers Cup (via Ronald Martinez\/Getty)\" width=\"300\" height=\"210\" class=\"alignnone size-medium wp-image-3937\" srcset=\"https:\/\/platino-davidferrer.com\/wp-content\/uploads\/2015\/08\/RC1-300x210.jpg 300w, https:\/\/platino-davidferrer.com\/wp-content\/uploads\/2015\/08\/RC1.jpg 1024w\" sizes=\"auto, (max-width: 300px) 100vw, 300px\" \/><\/a><\/p>\n<p style=\"margin-bottom:3em;\">\n<blockquote class=\"twitter-tweet\" lang=\"EN\" xml:lang=\"EN\">\n<blockquote class=\"twitter-tweet\" width=\"550\">\n<p lang=\"es\" dir=\"ltr\">Ya que aun no estoy bien de mi lesi\u00f3n en el codo,siento decir que no podr\u00e9 estar en el torneo de Montreal. Os ir\u00e9 informando de mi evoluci\u00f3n<\/p>\n<p>&mdash; David Ferrer (@DavidFerrer87) <a href=\"https:\/\/twitter.com\/DavidFerrer87\/status\/628892714772340737\">August 5, 2015<\/a><\/p><\/blockquote>\n<p><script async src=\"\/\/platform.twitter.com\/widgets.js\" charset=\"utf-8\"><\/script>\n<\/p><\/blockquote>\n<p>David announced he will miss Montreal with an elbow injury.<br \/>\nWe really hope that he can recover completely.<\/p>\n<p><strong><font size = +1>Estamos siempre contigo, Ferru!!!<\/strong><\/font><\/p>\n","protected":false},"excerpt":{"rendered":"<p>Mucho \u00e1nimo David!!! Lamentablemente David Ferrer no disputar\u00e1 en Montreal con su lesion en el codo. Realmente [&hellip;]<\/p>\n","protected":false},"author":1,"featured_media":3937,"comment_status":"open","ping_status":"open","sticky":false,"template":"","format":"standard","meta":{"footnotes":""},"categories":[4],"tags":[24,70,30],"class_list":{"0":"post-3933","1":"post","2":"type-post","3":"status-publish","4":"format-standard","5":"has-post-thumbnail","7":"category-news","8":"tag-news","9":"tag-rogers-cup-2015","10":"tag-tweet-from-david","11":"czr-hentry"},"aioseo_notices":[],"jetpack_featured_media_url":"https:\/\/platino-davidferrer.com\/wp-content\/uploads\/2015\/08\/RC1.jpg","_links":{"self":[{"href":"https:\/\/platino-davidferrer.com\/index.php?rest_route=\/wp\/v2\/posts\/3933","targetHints":{"allow":["GET"]}}],"collection":[{"href":"https:\/\/platino-davidferrer.com\/index.php?rest_route=\/wp\/v2\/posts"}],"about":[{"href":"https:\/\/platino-davidferrer.com\/index.php?rest_route=\/wp\/v2\/types\/post"}],"author":[{"embeddable":true,"href":"https:\/\/platino-davidferrer.com\/index.php?rest_route=\/wp\/v2\/users\/1"}],"replies":[{"embeddable":true,"href":"https:\/\/platino-davidferrer.com\/index.php?rest_route=%2Fwp%2Fv2%2Fcomments&post=3933"}],"version-history":[{"count":0,"href":"https:\/\/platino-davidferrer.com\/index.php?rest_route=\/wp\/v2\/posts\/3933\/revisions"}],"wp:featuredmedia":[{"embeddable":true,"href":"https:\/\/platino-davidferrer.com\/index.php?rest_route=\/wp\/v2\/media\/3937"}],"wp:attachment":[{"href":"https:\/\/platino-davidferrer.com\/index.php?rest_route=%2Fwp%2Fv2%2Fmedia&parent=3933"}],"wp:term":[{"taxonomy":"category","embeddable":true,"href":"https:\/\/platino-davidferrer.com\/index.php?rest_route=%2Fwp%2Fv2%2Fcategories&post=3933"},{"taxonomy":"post_tag","embeddable":true,"href":"https:\/\/platino-davidferrer.com\/index.php?rest_route=%2Fwp%2Fv2%2Ftags&post=3933"}],"curies":[{"name":"wp","href":"https:\/\/api.w.org\/{rel}","templated":true}]}}