{"id":3953,"date":"2015-08-08T15:49:45","date_gmt":"2015-08-08T15:49:45","guid":{"rendered":"https:\/\/platino-davidferrer.com\/?p=3953"},"modified":"2015-08-08T15:54:10","modified_gmt":"2015-08-08T15:54:10","slug":"ferrer-mi-intencion-es-llegar-para-el-usa-open","status":"publish","type":"post","link":"https:\/\/platino-davidferrer.com\/?p=3953","title":{"rendered":"Ferrer: Mi intenci\u00f3n es llegar para el USA Open"},"content":{"rendered":"<p>(via <a href=\"http:\/\/www.javea.com\/descubriendo-al-david-ferrer-mas-cercano\/\" target=\"_blank\">X\u00e0bia.com<\/a>)<\/p>\n<p><strong><font size = +1>Descubriendo al David Ferrer m\u00e1s cercano<\/font><\/strong><\/p>\n<p style=\"margin-bottom:3em;\">\n<p>No es normal que <strong>David Ferrer<\/strong> est\u00e9 por estas fechas en X\u00e0bia, pero una lesi\u00f3n hace mes y medio en su codo derecho le llev\u00f3 a tener que abandonar el Torneo de Nottingham(Inglaterra) y a estar alejado de la competici\u00f3n.<\/p>\n<p>El xabiero que anda en pleno proceso de recuperaci\u00f3n est\u00e1 trabajando en las instalaciones del Club Tenis J\u00e0vea junto a su equipo. Se le ha visto en pleno esfuerzo junto a su preparador f\u00edsico, Miguel Maeso, sudar a base de bien, ya que el calor ha sido insoportable.<\/p>\n<p style=\"margin-bottom:3em;\">\n<p><a href=\"https:\/\/platino-davidferrer.com\/wp-content\/uploads\/2015\/08\/DFX.jpg\"><img loading=\"lazy\" decoding=\"async\" src=\"https:\/\/platino-davidferrer.com\/wp-content\/uploads\/2015\/08\/DFX-300x218.jpg\" alt=\"David Ferrer en X\u00e0bia (via Javea.com)\" width=\"300\" height=\"218\" class=\"alignleft size-medium wp-image-3954\" srcset=\"https:\/\/platino-davidferrer.com\/wp-content\/uploads\/2015\/08\/DFX-300x218.jpg 300w, https:\/\/platino-davidferrer.com\/wp-content\/uploads\/2015\/08\/DFX.jpg 1024w\" sizes=\"auto, (max-width: 300px) 100vw, 300px\" \/><\/a><\/p>\n<p>Una vez terminada su sesi\u00f3n, David Ferrer ha accedido con total cordialidad a atender a X\u00e0bia.com y contarnos como se encuentra de su lesi\u00f3n.<\/p>\n<p>David ha comentado <em><strong>\u201cla lesi\u00f3n del codo va mejorando m\u00e1s lento de lo esperado, ahora estoy con un nuevo tratamiento para acelerar la recuperaci\u00f3n. Mi intenci\u00f3n es llegar para el USA Open que comienza a finales de agosto\u201d.<\/strong><\/em> Aunque Ferrer tambi\u00e9n ha remarcado, <em><strong>\u201clo importante es recuperarme bien para evitar un reca\u00edda\u201d.<\/strong><\/em><\/p>\n<p>David Ferrer es la imagen de una empresa local, l\u00edder en piscinas, <em><strong>\u201cGunitec\u201d<\/strong><\/em> y explica, <strong><em>\u201ces algo muy familiar ya que mi padre ha trabajado toda la vida en dicha empresa y adem\u00e1s soy muy amigo de Lucas Gisbert, por eso he tenido el gusto de ser la imagen de la empresa y estoy encantado de hacerlo, son gente que conozco muy bien\u201d.<\/em><\/strong><\/p>\n<p style=\"margin-bottom:3em;\">\n<p>El tenista es hijo predilecto de X\u00e0bia, el paseo del Arenal lleva su nombre y se ha convertido en el mejor embajador del municipio ya que pasea el nombre de X\u00e0bia por el mundo. Pese a todo esto, su humildad queda patente cuando piensa que no es la persona m\u00e1s influyente de X\u00e0bia, <strong><em>\u201cpor hacer un deporte no ser\u00eda justo, hay muchas personalidades en X\u00e0bia culturalmente que son m\u00e1s importantes que yo\u201d<\/em><\/strong>, coment\u00f3 Ferrer.<\/p>\n<p>Es una persona muy agradecida y por eso no se cansa de dar las gracias por el apoyo que ha tenido de las personas de X\u00e0bia. Ferrer hace menci\u00f3n al gran momento que atraviesa el deporte javiense, <em><strong>\u201ces importante que en un pueblo relativamente peque\u00f1o salgan tantos deportistas de \u00e9lite, Tenemos a Xavi Torres, Adri\u00e1n Ortol\u00e1, Antonio Sivera, Antonio Molina, Rafa Andarias y algunos m\u00e1s que vienen por detr\u00e1s y creo que X\u00e0bia ahora es mucho m\u00e1s conocido\u201d.<\/strong><\/em><\/p>\n<p style=\"margin-bottom:3em;\">\n<p>Se siente muy c\u00f3modo cada vez que visita su ciudad y no le molesta para nada que le paren para pedirle aut\u00f3grafos o alguna foto. Hemos sido testigos de esto ya que a la conclusi\u00f3n del entrenamiento firm\u00f3 aut\u00f3grafos amablemente.<\/p>\n<p>Un hombre que a sus 33 a\u00f1os, no cambiar\u00eda nada de su pueblo, eso s\u00ed, le gustar\u00eda poder disfrutar de sus encantos mucho m\u00e1s tiempo. Adem\u00e1s de gran deportista es una persona comprometida con los m\u00e1s necesitados y el propio Ferrer nos ha comentado, <strong><em>\u201ccolabor\u00f3 con S\u00edndrome de 5 p, una ONG formada por personas que est\u00e1n recogiendo medios para la investigaci\u00f3n, de una enfermedad de la que no se conoce mucho.Estoy haciendo un calendario para dicha asociaci\u00f3n y al final de a\u00f1o mi familia apoyar\u00e1 un proyecto en X\u00e0bia que a\u00fan est\u00e1 por decidir\u201d.<\/em><\/strong><\/p>\n<p style=\"margin-bottom:3em;\">\n<p><a href=\"https:\/\/platino-davidferrer.com\/wp-content\/uploads\/2015\/08\/df2.jpg\"><img loading=\"lazy\" decoding=\"async\" src=\"https:\/\/platino-davidferrer.com\/wp-content\/uploads\/2015\/08\/df2-300x194.jpg\" alt=\"David Ferrer durante su estancia en el Club Tenis J\u00e1vea (via Javea.com)\" width=\"300\" height=\"194\" class=\"alignnone size-medium wp-image-3955\" srcset=\"https:\/\/platino-davidferrer.com\/wp-content\/uploads\/2015\/08\/df2-300x194.jpg 300w, https:\/\/platino-davidferrer.com\/wp-content\/uploads\/2015\/08\/df2.jpg 770w\" sizes=\"auto, (max-width: 300px) 100vw, 300px\" \/><\/a><\/p>\n<p style=\"margin-bottom:3em;\">\n<p><font size = +1><strong>Test a David Ferrer<\/strong><\/font><\/p>\n<p><strong>\u00bfC\u00f3mo se llama el alcalde de X\u00e0bia?<\/strong><\/p>\n<p>La respuesta ha sido r\u00e1pida, Jos\u00e9 Chulvi.<\/p>\n<p><strong>\u00bfQuien es el concejal de deportes de X\u00e0bia?<\/strong><\/p>\n<p>Piensa \u2026. y le hemos tirado un cable, Vicent Colomer.<\/p>\n<p><strong>\u00bfCabo San Antonio o Cabo de la Nao?<\/strong><\/p>\n<p>Sin dudar, Cabo San Antonio.<\/p>\n<p><strong>\u00bfPortitxol o Granadella?<\/strong><\/p>\n<p>Granadella, es muy bonita pero el Portitxol es m\u00e1s del pueblo.<\/p>\n<p><strong>\u00bfFogueres, Loreto o Moros y Cristianos?<\/strong><\/p>\n<p>Me quedo con Fogueres.<\/p>\n<p style=\"margin-bottom:3em;\">\n<p>Para los amantes al <em><strong>\u201ccotilleo\u201d<\/strong><\/em> nos ha dejado una gran primicia a X\u00e0bia.com, <em><strong>\u201cel d\u00eda 28 de noviembre me caso con Marta Tornel, en Valencia\u201d<\/strong><\/em>, apunt\u00f3 el tenista, al que le deseamos mucha felicidad.<\/p>\n<p style=\"margin-bottom:3em;\">\n<p>(via <a href=\"http:\/\/www.javea.com\/descubriendo-al-david-ferrer-mas-cercano\/\" target=\"_blank\">X\u00e0bia.com.<\/a> Much\u00edsimas gracias por el art\u00edculo muy interesante!!!)<\/p>\n<p>(English version is <a href=\"https:\/\/platino-davidferrer.com\/ferrer-my-intention-is-to-reach-to-the-us-open\/\"><strong>here<\/strong><\/a>)<\/p>\n","protected":false},"excerpt":{"rendered":"<p>(via X\u00e0bia.com) Descubriendo al David Ferrer m\u00e1s cercano No es normal que David Ferrer est\u00e9 por estas fechas e [&hellip;]<\/p>\n","protected":false},"author":1,"featured_media":3962,"comment_status":"open","ping_status":"open","sticky":false,"template":"","format":"standard","meta":{"footnotes":""},"categories":[4],"tags":[29,42,24,31],"class_list":{"0":"post-3953","1":"post","2":"type-post","3":"status-publish","4":"format-standard","5":"has-post-thumbnail","7":"category-news","8":"tag-interview","9":"tag-javeaxabia","10":"tag-news","11":"tag-off-court","12":"czr-hentry"},"aioseo_notices":[],"jetpack_featured_media_url":"https:\/\/platino-davidferrer.com\/wp-content\/uploads\/2015\/08\/1DFX.jpg","_links":{"self":[{"href":"https:\/\/platino-davidferrer.com\/index.php?rest_route=\/wp\/v2\/posts\/3953","targetHints":{"allow":["GET"]}}],"collection":[{"href":"https:\/\/platino-davidferrer.com\/index.php?rest_route=\/wp\/v2\/posts"}],"about":[{"href":"https:\/\/platino-davidferrer.com\/index.php?rest_route=\/wp\/v2\/types\/post"}],"author":[{"embeddable":true,"href":"https:\/\/platino-davidferrer.com\/index.php?rest_route=\/wp\/v2\/users\/1"}],"replies":[{"embeddable":true,"href":"https:\/\/platino-davidferrer.com\/index.php?rest_route=%2Fwp%2Fv2%2Fcomments&post=3953"}],"version-history":[{"count":0,"href":"https:\/\/platino-davidferrer.com\/index.php?rest_route=\/wp\/v2\/posts\/3953\/revisions"}],"wp:featuredmedia":[{"embeddable":true,"href":"https:\/\/platino-davidferrer.com\/index.php?rest_route=\/wp\/v2\/media\/3962"}],"wp:attachment":[{"href":"https:\/\/platino-davidferrer.com\/index.php?rest_route=%2Fwp%2Fv2%2Fmedia&parent=3953"}],"wp:term":[{"taxonomy":"category","embeddable":true,"href":"https:\/\/platino-davidferrer.com\/index.php?rest_route=%2Fwp%2Fv2%2Fcategories&post=3953"},{"taxonomy":"post_tag","embeddable":true,"href":"https:\/\/platino-davidferrer.com\/index.php?rest_route=%2Fwp%2Fv2%2Ftags&post=3953"}],"curies":[{"name":"wp","href":"https:\/\/api.w.org\/{rel}","templated":true}]}}