{"id":4019,"date":"2015-08-16T07:21:07","date_gmt":"2015-08-16T07:21:07","guid":{"rendered":"https:\/\/platino-davidferrer.com\/?p=4019"},"modified":"2015-08-16T07:23:45","modified_gmt":"2015-08-16T07:23:45","slug":"la-reunion-de-sr-jose-chulvi-y-david-ferrer","status":"publish","type":"post","link":"https:\/\/platino-davidferrer.com\/?p=4019","title":{"rendered":"La Reuni\u00f3n de Sr. Jos\u00e9 Chulvi y David Ferrer"},"content":{"rendered":"<p><font size = +1>Sr.Jos\u00e9 Chulvi, Alcalde de J\u00e1vea, visit\u00f3 David Ferrer.<\/font><br \/>\nY \u00e9l dijo en su Facebook y Instagram.<br \/>\nEs una muy buena reuni\u00f3n dos gran personas!!!<\/p>\n<p><a href=\"https:\/\/platino-davidferrer.com\/wp-content\/uploads\/2015\/08\/JS01.jpg\"><img loading=\"lazy\" decoding=\"async\" src=\"https:\/\/platino-davidferrer.com\/wp-content\/uploads\/2015\/08\/JS01-254x300.jpg\" alt=\"Sr.Jos\u00e9 Chulvi y David Ferrer\" width=\"254\" height=\"300\" class=\"alignnone size-medium wp-image-4030\" srcset=\"https:\/\/platino-davidferrer.com\/wp-content\/uploads\/2015\/08\/JS01-254x300.jpg 254w, https:\/\/platino-davidferrer.com\/wp-content\/uploads\/2015\/08\/JS01.jpg 720w\" sizes=\"auto, (max-width: 254px) 100vw, 254px\" \/><\/a><\/p>\n<p>Mr.Jos\u00e9 Chulvi, Mayor of Javea, visited David Ferrer.<br \/>\nAnd he said in his Facebook and Instagram.<br \/>\nIt is a very great two people meeting!!!<\/p>\n<p style=\"margin-bottom:3em;\">\n\u00e9l dijo&#8230;<\/p>\n<blockquote><p>Ver todo lo que ha ganado David Ferrer impresiona. Pero a mi cada d\u00eda lo que m\u00e1s me impresiona es su capacidad de trabajo, de esfuerzo, su humildad y su sencillez. Nadie duda de su val\u00eda como tenista, pero sin duda como persona es alguien muy grande. Gracias por todo David y \u00e1nimo y fuerza para superar la lesi\u00f3n.<\/p><\/blockquote>\n<p>(English)<br \/>\n<em>Seeing all the trophies that David Ferrer has won is impressive. But for me what impresses me most about him is his ability to work, his effort, his humility and simplicity. Nobody doubts his value as a tennis player but as a person he is definitely someone great. Thanks for everything David and courage and strength to overcome your injury.<\/em><\/p>\n<p style=\"margin-bottom:3em;\">\n<font size = +1>Muchos \u00e1nimos y much\u00edsima suerte para nuestro campe\u00f3n, David Ferrer!!!!<\/font><\/p>\n","protected":false},"excerpt":{"rendered":"<p>Sr.Jos\u00e9 Chulvi, Alcalde de J\u00e1vea, visit\u00f3 David Ferrer. Y \u00e9l dijo en su Facebook y Instagram. Es una muy buena  [&hellip;]<\/p>\n","protected":false},"author":1,"featured_media":4027,"comment_status":"open","ping_status":"open","sticky":false,"template":"","format":"standard","meta":{"footnotes":""},"categories":[33],"tags":[42,72,31],"class_list":{"0":"post-4019","1":"post","2":"type-post","3":"status-publish","4":"format-standard","5":"has-post-thumbnail","7":"category-off-court","8":"tag-javeaxabia","9":"tag-jose-chulvi","10":"tag-off-court","11":"czr-hentry"},"aioseo_notices":[],"jetpack_featured_media_url":"https:\/\/platino-davidferrer.com\/wp-content\/uploads\/2015\/08\/JCey.jpg","_links":{"self":[{"href":"https:\/\/platino-davidferrer.com\/index.php?rest_route=\/wp\/v2\/posts\/4019","targetHints":{"allow":["GET"]}}],"collection":[{"href":"https:\/\/platino-davidferrer.com\/index.php?rest_route=\/wp\/v2\/posts"}],"about":[{"href":"https:\/\/platino-davidferrer.com\/index.php?rest_route=\/wp\/v2\/types\/post"}],"author":[{"embeddable":true,"href":"https:\/\/platino-davidferrer.com\/index.php?rest_route=\/wp\/v2\/users\/1"}],"replies":[{"embeddable":true,"href":"https:\/\/platino-davidferrer.com\/index.php?rest_route=%2Fwp%2Fv2%2Fcomments&post=4019"}],"version-history":[{"count":0,"href":"https:\/\/platino-davidferrer.com\/index.php?rest_route=\/wp\/v2\/posts\/4019\/revisions"}],"wp:featuredmedia":[{"embeddable":true,"href":"https:\/\/platino-davidferrer.com\/index.php?rest_route=\/wp\/v2\/media\/4027"}],"wp:attachment":[{"href":"https:\/\/platino-davidferrer.com\/index.php?rest_route=%2Fwp%2Fv2%2Fmedia&parent=4019"}],"wp:term":[{"taxonomy":"category","embeddable":true,"href":"https:\/\/platino-davidferrer.com\/index.php?rest_route=%2Fwp%2Fv2%2Fcategories&post=4019"},{"taxonomy":"post_tag","embeddable":true,"href":"https:\/\/platino-davidferrer.com\/index.php?rest_route=%2Fwp%2Fv2%2Ftags&post=4019"}],"curies":[{"name":"wp","href":"https:\/\/api.w.org\/{rel}","templated":true}]}}