{"id":4150,"date":"2015-08-20T05:36:23","date_gmt":"2015-08-20T05:36:23","guid":{"rendered":"https:\/\/platino-davidferrer.com\/?p=4150"},"modified":"2015-08-20T05:40:58","modified_gmt":"2015-08-20T05:40:58","slug":"momento-fructifero-en-xabia","status":"publish","type":"post","link":"https:\/\/platino-davidferrer.com\/?p=4150","title":{"rendered":"momento fruct\u00edfero en X\u00e0bia"},"content":{"rendered":"<p><font size = +1><strong>David Ferrer y I\u00f1igo Cervantes han entrenando a <a href=\"http:\/\/www.academiatenisferrer.com\/\" target=\"_blank\">Academia Tenis Ferrer<\/a> en X\u00e0bia.<\/strong><\/font><br \/>\nEllos parecen haber tenido un momento fruct\u00edfero all\u00ed!<br \/>\nTal vez en el US Open, Obviamente en el KL Open, estamos esperando a David para ser activo en la siguiente y cada torneo pronto! <strong>Vamos Ferru!!!<\/strong><\/p>\n<p style=\"margin-bottom:3em;\">\n<a href=\"https:\/\/platino-davidferrer.com\/wp-content\/uploads\/2015\/08\/xi01.jpg\"><img decoding=\"async\" src=\"https:\/\/platino-davidferrer.com\/wp-content\/uploads\/2015\/08\/xi01.jpg\" alt=\"foto via  Alfredo Garcia\" width=\"400\" class=\"alignnone size-medium wp-image-4153\" srcset=\"https:\/\/platino-davidferrer.com\/wp-content\/uploads\/2015\/08\/xi01.jpg 960w, https:\/\/platino-davidferrer.com\/wp-content\/uploads\/2015\/08\/xi01-300x193.jpg 300w\" sizes=\"(max-width: 960px) 100vw, 960px\" \/><\/a><\/p>\n<p>David Ferrer and I\u00f1igo Cervantes have practiced at Ferrer Tennis Academy in Xabia. They seem to have had a fulfill time in there.<br \/>\nPerhaps US Open, Obviously KL Open, we are expecting him to be active in the next, every tournament soon!<br \/>\nVamos Ferru!!!<\/p>\n<p style=\"margin-bottom:3em;\">\n<blockquote><p>&#8220;Unos d\u00edas en javea, con academia tenis Ferrer, animando para que I\u00f1igo Cervantes y Javier Ferrer, hagan un buen open usa&#8230;Y sea trampol\u00edn definitivo para que se meta top 100!!<br \/>\nY que David Ferrer consiga superar su lesi\u00f3n en el codo y poder jugar..&#8221; via Alfredo Garcia<\/p><\/blockquote>\n<p><a href=\"https:\/\/platino-davidferrer.com\/wp-content\/uploads\/2015\/08\/xi02.jpg\"><img loading=\"lazy\" decoding=\"async\" src=\"https:\/\/platino-davidferrer.com\/wp-content\/uploads\/2015\/08\/xi02-150x150.jpg\" alt=\"via Alfredo Garcia\" width=\"150\" height=\"150\" class=\"alignnone size-thumbnail wp-image-4155\" \/><\/a>\u3000<a href=\"https:\/\/platino-davidferrer.com\/wp-content\/uploads\/2015\/08\/xi03.jpg\"><img loading=\"lazy\" decoding=\"async\" src=\"https:\/\/platino-davidferrer.com\/wp-content\/uploads\/2015\/08\/xi03-150x150.jpg\" alt=\"via Alfredo Garcia\" width=\"150\" height=\"150\" class=\"alignnone size-thumbnail wp-image-4156\" \/><\/a>\u3000<a href=\"https:\/\/platino-davidferrer.com\/wp-content\/uploads\/2015\/08\/xi04.jpg\"><img loading=\"lazy\" decoding=\"async\" src=\"https:\/\/platino-davidferrer.com\/wp-content\/uploads\/2015\/08\/xi04-150x150.jpg\" alt=\"via Alfredo Garcia\" width=\"150\" height=\"150\" class=\"alignnone size-thumbnail wp-image-4157\" \/><\/a>\u3000<a href=\"https:\/\/platino-davidferrer.com\/wp-content\/uploads\/2015\/08\/xi05.jpg\"><img loading=\"lazy\" decoding=\"async\" src=\"https:\/\/platino-davidferrer.com\/wp-content\/uploads\/2015\/08\/xi05-150x150.jpg\" alt=\"via Alfredo Garcia\" width=\"150\" height=\"150\" class=\"alignnone size-thumbnail wp-image-4158\" \/><\/a><br \/>\n(todos fotos via Alfredo Garcia Facebook! Muchas gracias!!)<\/p>\n<p style=\"margin-bottom:3em;\">\n<p><strong>And Ferru, I\u00f1igo with fan in X\u00e0bia! :)<\/strong><\/p>\n<p><a href=\"https:\/\/platino-davidferrer.com\/wp-content\/uploads\/2015\/08\/11326119_1657533397825747_8392984.jpg\"><img loading=\"lazy\" decoding=\"async\" src=\"https:\/\/platino-davidferrer.com\/wp-content\/uploads\/2015\/08\/11326119_1657533397825747_8392984-300x300.jpg\" alt=\"foto via jadechaaya\" width=\"300\" height=\"300\" class=\"alignnone size-medium wp-image-4160\" srcset=\"https:\/\/platino-davidferrer.com\/wp-content\/uploads\/2015\/08\/11326119_1657533397825747_8392984-300x300.jpg 300w, https:\/\/platino-davidferrer.com\/wp-content\/uploads\/2015\/08\/11326119_1657533397825747_8392984-150x150.jpg 150w, https:\/\/platino-davidferrer.com\/wp-content\/uploads\/2015\/08\/11326119_1657533397825747_8392984-1024x1024.jpg 1024w, https:\/\/platino-davidferrer.com\/wp-content\/uploads\/2015\/08\/11326119_1657533397825747_8392984.jpg 1080w\" sizes=\"auto, (max-width: 300px) 100vw, 300px\" \/><\/a>\u3000<a href=\"https:\/\/platino-davidferrer.com\/wp-content\/uploads\/2015\/08\/11909254_873329179389429_880016189_n.jpg\"><img loading=\"lazy\" decoding=\"async\" src=\"https:\/\/platino-davidferrer.com\/wp-content\/uploads\/2015\/08\/11909254_873329179389429_880016189_n-300x300.jpg\" alt=\"foto via paulita1205\" width=\"300\" height=\"300\" class=\"alignnone size-medium wp-image-4163\" srcset=\"https:\/\/platino-davidferrer.com\/wp-content\/uploads\/2015\/08\/11909254_873329179389429_880016189_n-300x300.jpg 300w, https:\/\/platino-davidferrer.com\/wp-content\/uploads\/2015\/08\/11909254_873329179389429_880016189_n-150x150.jpg 150w, https:\/\/platino-davidferrer.com\/wp-content\/uploads\/2015\/08\/11909254_873329179389429_880016189_n-1024x1024.jpg 1024w, https:\/\/platino-davidferrer.com\/wp-content\/uploads\/2015\/08\/11909254_873329179389429_880016189_n.jpg 1080w\" sizes=\"auto, (max-width: 300px) 100vw, 300px\" \/><\/a><br \/>\nvia jadechaaya\u3000\u3000\u3000\u3000\u3000\u3000\u3000\u3000\u3000\u3000\u3000\u3000\u3000\u3000\u3000via paulita1205<\/p>\n","protected":false},"excerpt":{"rendered":"<p>David Ferrer y I\u00f1igo Cervantes han entrenando a Academia Tenis Ferrer en X\u00e0bia. Ellos parecen haber tenido un  [&hellip;]<\/p>\n","protected":false},"author":1,"featured_media":4160,"comment_status":"open","ping_status":"open","sticky":false,"template":"","format":"standard","meta":{"footnotes":""},"categories":[33],"tags":[42,11,41],"class_list":{"0":"post-4150","1":"post","2":"type-post","3":"status-publish","4":"format-standard","5":"has-post-thumbnail","7":"category-off-court","8":"tag-javeaxabia","9":"tag-photo","10":"tag-training","11":"czr-hentry"},"aioseo_notices":[],"jetpack_featured_media_url":"https:\/\/platino-davidferrer.com\/wp-content\/uploads\/2015\/08\/11326119_1657533397825747_8392984.jpg","_links":{"self":[{"href":"https:\/\/platino-davidferrer.com\/index.php?rest_route=\/wp\/v2\/posts\/4150","targetHints":{"allow":["GET"]}}],"collection":[{"href":"https:\/\/platino-davidferrer.com\/index.php?rest_route=\/wp\/v2\/posts"}],"about":[{"href":"https:\/\/platino-davidferrer.com\/index.php?rest_route=\/wp\/v2\/types\/post"}],"author":[{"embeddable":true,"href":"https:\/\/platino-davidferrer.com\/index.php?rest_route=\/wp\/v2\/users\/1"}],"replies":[{"embeddable":true,"href":"https:\/\/platino-davidferrer.com\/index.php?rest_route=%2Fwp%2Fv2%2Fcomments&post=4150"}],"version-history":[{"count":0,"href":"https:\/\/platino-davidferrer.com\/index.php?rest_route=\/wp\/v2\/posts\/4150\/revisions"}],"wp:featuredmedia":[{"embeddable":true,"href":"https:\/\/platino-davidferrer.com\/index.php?rest_route=\/wp\/v2\/media\/4160"}],"wp:attachment":[{"href":"https:\/\/platino-davidferrer.com\/index.php?rest_route=%2Fwp%2Fv2%2Fmedia&parent=4150"}],"wp:term":[{"taxonomy":"category","embeddable":true,"href":"https:\/\/platino-davidferrer.com\/index.php?rest_route=%2Fwp%2Fv2%2Fcategories&post=4150"},{"taxonomy":"post_tag","embeddable":true,"href":"https:\/\/platino-davidferrer.com\/index.php?rest_route=%2Fwp%2Fv2%2Ftags&post=4150"}],"curies":[{"name":"wp","href":"https:\/\/api.w.org\/{rel}","templated":true}]}}