{"id":4183,"date":"2015-08-24T07:15:46","date_gmt":"2015-08-24T07:15:46","guid":{"rendered":"https:\/\/platino-davidferrer.com\/?p=4183"},"modified":"2015-08-24T07:15:46","modified_gmt":"2015-08-24T07:15:46","slug":"limite-24-horas-via-marca","status":"publish","type":"post","link":"https:\/\/platino-davidferrer.com\/?p=4183","title":{"rendered":"&#8220;l\u00edmite 24 horas&#8221; via MARCA"},"content":{"rendered":"<p><strong><font size = +1>El art\u00edculo de <a href=\"http:\/\/www.marca.com\/\" target=\"_blank\">MARCA.com<\/a> fue escrito acerca de la participaci\u00f3n de David Ferrer del <a href=\"http:\/\/www.usopen.org\/\" target=\"_blank\">US OPEN<\/a>.<\/font><\/strong><\/p>\n<p>The article of MARCA.com was written about participation of David Ferrer of US OPEN.<\/p>\n<p><a href=\"https:\/\/platino-davidferrer.com\/wp-content\/uploads\/2015\/08\/USO2014.jpg\"><img loading=\"lazy\" decoding=\"async\" src=\"https:\/\/platino-davidferrer.com\/wp-content\/uploads\/2015\/08\/USO2014-300x207.jpg\" alt=\"US Open 2014 (foto via Elsa\/Getty)\" width=\"300\" height=\"207\" class=\"alignnone size-medium wp-image-4199\" srcset=\"https:\/\/platino-davidferrer.com\/wp-content\/uploads\/2015\/08\/USO2014-300x207.jpg 300w, https:\/\/platino-davidferrer.com\/wp-content\/uploads\/2015\/08\/USO2014.jpg 1024w\" sizes=\"auto, (max-width: 300px) 100vw, 300px\" \/><\/a><\/p>\n<p><strong><em>El alicantino, convaleciente del codo derecho desde Nottingham, decide el lunes si viaja a Nueva York para participar en el US Open<\/em><\/strong><br \/>\nThe Alicante, ailing right elbow from Nottingham, decides Monday whether traveling to New York to participate in the US Open.<\/p>\n<p style=\"margin-bottom:3em;\">\n<blockquote><p>\u3000Lo que parec\u00edan unas simples molestias en el codo derecho, que le obligaron a renunciar a Wimbledon despu\u00e9s de caer en la segunda ronda de Nottingham con Marcos Baghdatis, se han convertido en el mayor contratiempo sufrido por David Ferrer en los \u00faltimos a\u00f1os.<br \/>\nLa tendinosis en la zona le ha privado de participar en el Grand Slam de la hierba, Bastad, Hamburgo y los Masters 1.000 de Montreal y Cincinnati.<br \/>\nAhora se debate sobre si estar\u00e1 en condiciones de afrontar el US Open, que empieza el pr\u00f3ximo lunes 31 de agosto en las pistas de Flushing Meadows.<br \/>\n\u3000Ferrer, de 33 a\u00f1os y que ocupaba el quinto puesto en la Race del a\u00f1o antes del inoportuno par\u00f3n -hoy es octavo y estar\u00eda dentro de la Copa Masters-, ha empezado a entrenar por espacio de una hora esta semana. El principal problema es que no puede realizar tiros cortados ni tampoco volear, un h\u00e1ndicap que convierte en muy dif\u00edcil su participaci\u00f3n en el Abierto estadounidense, donde los partidos son al mejor de cinco sets.<\/p>\n<p>\u3000El tenista de J\u00e1vea, entrenado por Paco Fogu\u00e9s, se ha dado de margen hasta el lunes para decidir si toma el martes un avi\u00f3n con destino a Nueva York y as\u00ed apurar en la ciudad de los rascacielos las \u00faltimas opciones de participar en el \u00faltimo major, torneo en el que no ha faltado como profesional desde 2003.<\/p><\/blockquote>\n<p>(- English)<br \/>\n<em>\u3000It seemed a simple sore of right elbow that he was forced to give up Wimbledon after falling in the second round of Nottingham with Marcos Baghdatis, They have become the major setback suffered by David Ferrer in recent years.<br \/>\nIn the part of &#8220;Tendinosis&#8221; deprived him of participating the Grand Slam grass, Bastad, Hamburg and the 1000 Montreal Masters and Cincinnati.<br \/>\nNow, there is debate about whether he will be able to face the US Open, which begins on Monday August 31 in the tracks of Flushing Meadows.<br \/>\nFerrer, 33 years old and which ranked fifth in the Race of the year before the inopportune break &#8211; Today is the eighth and would be within the Masters Cup &#8211; He has begun training for an hour this week.<br \/>\nThe main problem is he can not make slice shots nor volley, a handicap which makes it very difficult to participation in US Open, where matches are best of five sets.<\/p>\n<p>The tennis player of J\u00e1vea, trained by Paco Fogu\u00e9s, he has been given margin until Monday to decide whether to take on Tuesday a plane to New York and so hurry in the Big Apple the latest options to participate in the last Grand Slam, tournament that has not missed as a professional since 2003.<\/em><\/p>\n<p><strong><a href=\"http:\/\/www.marca.com\/2015\/08\/23\/tenis\/us_open\/1440329126.html\" target=\"_blank\">via l\u00edmite 24 horas &#8211; MARCA.com<\/a> (JOAN SOLSONA)<\/strong><\/p>\n","protected":false},"excerpt":{"rendered":"<p>El art\u00edculo de MARCA.com fue escrito acerca de la participaci\u00f3n de David Ferrer del US OPEN. The article of MA [&hellip;]<\/p>\n","protected":false},"author":1,"featured_media":4199,"comment_status":"open","ping_status":"open","sticky":false,"template":"","format":"standard","meta":{"footnotes":""},"categories":[4],"tags":[37,24,73],"class_list":{"0":"post-4183","1":"post","2":"type-post","3":"status-publish","4":"format-standard","5":"has-post-thumbnail","7":"category-news","8":"tag-grand-slam","9":"tag-news","10":"tag-us-open-2015","11":"czr-hentry"},"aioseo_notices":[],"jetpack_featured_media_url":"https:\/\/platino-davidferrer.com\/wp-content\/uploads\/2015\/08\/USO2014.jpg","_links":{"self":[{"href":"https:\/\/platino-davidferrer.com\/index.php?rest_route=\/wp\/v2\/posts\/4183","targetHints":{"allow":["GET"]}}],"collection":[{"href":"https:\/\/platino-davidferrer.com\/index.php?rest_route=\/wp\/v2\/posts"}],"about":[{"href":"https:\/\/platino-davidferrer.com\/index.php?rest_route=\/wp\/v2\/types\/post"}],"author":[{"embeddable":true,"href":"https:\/\/platino-davidferrer.com\/index.php?rest_route=\/wp\/v2\/users\/1"}],"replies":[{"embeddable":true,"href":"https:\/\/platino-davidferrer.com\/index.php?rest_route=%2Fwp%2Fv2%2Fcomments&post=4183"}],"version-history":[{"count":0,"href":"https:\/\/platino-davidferrer.com\/index.php?rest_route=\/wp\/v2\/posts\/4183\/revisions"}],"wp:featuredmedia":[{"embeddable":true,"href":"https:\/\/platino-davidferrer.com\/index.php?rest_route=\/wp\/v2\/media\/4199"}],"wp:attachment":[{"href":"https:\/\/platino-davidferrer.com\/index.php?rest_route=%2Fwp%2Fv2%2Fmedia&parent=4183"}],"wp:term":[{"taxonomy":"category","embeddable":true,"href":"https:\/\/platino-davidferrer.com\/index.php?rest_route=%2Fwp%2Fv2%2Fcategories&post=4183"},{"taxonomy":"post_tag","embeddable":true,"href":"https:\/\/platino-davidferrer.com\/index.php?rest_route=%2Fwp%2Fv2%2Ftags&post=4183"}],"curies":[{"name":"wp","href":"https:\/\/api.w.org\/{rel}","templated":true}]}}