{"id":4209,"date":"2015-08-24T15:40:46","date_gmt":"2015-08-24T15:40:46","guid":{"rendered":"https:\/\/platino-davidferrer.com\/?p=4209"},"modified":"2015-08-24T16:19:59","modified_gmt":"2015-08-24T16:19:59","slug":"david-volvera-a-las-pistas-en-el-us-open","status":"publish","type":"post","link":"https:\/\/platino-davidferrer.com\/?p=4209","title":{"rendered":"David volver\u00e1 a las pistas en el US Open"},"content":{"rendered":"<p><strong><font size = +2>VAMOS FERRU!!!!!<\/font><\/strong><\/p>\n<p><strong><font size = +1>David Ferrer Volver\u00e1 a las pistas en el <a href=\"http:\/\/www.usopen.org\/\" target=\"_blank\">US Open<\/a>!<\/font><\/strong><br \/>\nDavid Ferrer will come back to court at US Open!<\/p>\n<p><a href=\"https:\/\/platino-davidferrer.com\/wp-content\/uploads\/2015\/08\/DVUO14.jpg\"><img loading=\"lazy\" decoding=\"async\" src=\"https:\/\/platino-davidferrer.com\/wp-content\/uploads\/2015\/08\/DVUO14-300x200.jpg\" alt=\"US Open 2014 (foto via Al Bello\/Getty)\" width=\"300\" height=\"200\" class=\"alignnone size-medium wp-image-4188\" srcset=\"https:\/\/platino-davidferrer.com\/wp-content\/uploads\/2015\/08\/DVUO14-300x200.jpg 300w, https:\/\/platino-davidferrer.com\/wp-content\/uploads\/2015\/08\/DVUO14.jpg 1024w\" sizes=\"auto, (max-width: 300px) 100vw, 300px\" \/><\/a><\/p>\n<p>David viajar\u00e1 finalmente ma\u00f1ana a Nueva York para disputar el \u00faltimo Grand Slam de la temporada, US Open!<br \/>\nSi \u00e9l no se sentir\u00e1 ning\u00fan dolor en el codo, jugar\u00e1 all\u00ed.<br \/>\nTambi\u00e9n queremos dar las gracias a Rafa Garc\u00eda Alex, fisioterapeuta de David.<br \/>\nDavid jugar\u00e1 en Flushing Meadows en la s\u00e9ptima semilla, y torneo comenzar\u00e1 a las 31 de agosto.<br \/>\nRealmente esperamos que pueda jugar bien sin recidiva!!!<\/p>\n<p><strong><font size = +1>Buen viaje y much\u00edsima suerte, Ferru!!!<\/font><\/strong><\/p>\n<p>David will finally travel to New York to play at last Grand Slam of the season, US Open!<br \/>\nIf he won&#8217;t feel any pain in his elbow, will play there.<br \/>\nAlso we want to say thank you to Rafa Garcia Alex, physiotherapist of David.<br \/>\nDavid will play at Flushing Meadows in the seventh seed, and tournament will start at 31th August.<br \/>\nWe really hope he can play well without recurrence.<\/p>\n<p style=\"margin-bottom:3em;\">\n<p><strong>Article<\/strong><br \/>\n<strong><a href=\"http:\/\/www.marca.com\/2015\/08\/24\/tenis\/1440421023.html\" target=\"_blank\">Ferrer regresar\u00e1 a las pistas en el US Open<\/a><\/strong><br \/>\n(via marca.com)<\/p>\n","protected":false},"excerpt":{"rendered":"<p>VAMOS FERRU!!!!! David Ferrer Volver\u00e1 a las pistas en el US Open! David Ferrer will come back to court at US O [&hellip;]<\/p>\n","protected":false},"author":1,"featured_media":4188,"comment_status":"open","ping_status":"open","sticky":false,"template":"","format":"standard","meta":{"footnotes":""},"categories":[4],"tags":[24,73],"class_list":{"0":"post-4209","1":"post","2":"type-post","3":"status-publish","4":"format-standard","5":"has-post-thumbnail","7":"category-news","8":"tag-news","9":"tag-us-open-2015","10":"czr-hentry"},"aioseo_notices":[],"jetpack_featured_media_url":"https:\/\/platino-davidferrer.com\/wp-content\/uploads\/2015\/08\/DVUO14.jpg","_links":{"self":[{"href":"https:\/\/platino-davidferrer.com\/index.php?rest_route=\/wp\/v2\/posts\/4209","targetHints":{"allow":["GET"]}}],"collection":[{"href":"https:\/\/platino-davidferrer.com\/index.php?rest_route=\/wp\/v2\/posts"}],"about":[{"href":"https:\/\/platino-davidferrer.com\/index.php?rest_route=\/wp\/v2\/types\/post"}],"author":[{"embeddable":true,"href":"https:\/\/platino-davidferrer.com\/index.php?rest_route=\/wp\/v2\/users\/1"}],"replies":[{"embeddable":true,"href":"https:\/\/platino-davidferrer.com\/index.php?rest_route=%2Fwp%2Fv2%2Fcomments&post=4209"}],"version-history":[{"count":0,"href":"https:\/\/platino-davidferrer.com\/index.php?rest_route=\/wp\/v2\/posts\/4209\/revisions"}],"wp:featuredmedia":[{"embeddable":true,"href":"https:\/\/platino-davidferrer.com\/index.php?rest_route=\/wp\/v2\/media\/4188"}],"wp:attachment":[{"href":"https:\/\/platino-davidferrer.com\/index.php?rest_route=%2Fwp%2Fv2%2Fmedia&parent=4209"}],"wp:term":[{"taxonomy":"category","embeddable":true,"href":"https:\/\/platino-davidferrer.com\/index.php?rest_route=%2Fwp%2Fv2%2Fcategories&post=4209"},{"taxonomy":"post_tag","embeddable":true,"href":"https:\/\/platino-davidferrer.com\/index.php?rest_route=%2Fwp%2Fv2%2Ftags&post=4209"}],"curies":[{"name":"wp","href":"https:\/\/api.w.org\/{rel}","templated":true}]}}