{"id":4328,"date":"2015-09-01T12:16:41","date_gmt":"2015-09-01T12:16:41","guid":{"rendered":"https:\/\/platino-davidferrer.com\/?p=4328"},"modified":"2015-09-01T12:16:41","modified_gmt":"2015-09-01T12:16:41","slug":"gana-la-primera-ronda-de-regresar","status":"publish","type":"post","link":"https:\/\/platino-davidferrer.com\/?p=4328","title":{"rendered":"gana la primera ronda de regresar"},"content":{"rendered":"<p><strong><font size = +1>Enhorabuena!!!<\/font><\/strong><\/p>\n<p><strong>David Ferrer venci\u00f3 a Radu Albot por 4-6, 7-5, 6-1 y 6-0 de primera ronda de USA Open.<br \/>\nY su rival en segunda ronda ser\u00e1 Filip Krajinovic.<br \/>\n<\/strong><\/p>\n<p><a href=\"https:\/\/platino-davidferrer.com\/wp-content\/uploads\/2015\/09\/Al-Bello-Getty02.jpg\"><img loading=\"lazy\" decoding=\"async\" src=\"https:\/\/platino-davidferrer.com\/wp-content\/uploads\/2015\/09\/Al-Bello-Getty02-300x200.jpg\" alt=\"US Open day1 (foto via Al Bello \/ Getty)\" width=\"300\" height=\"200\" class=\"alignnone size-medium wp-image-4331\" srcset=\"https:\/\/platino-davidferrer.com\/wp-content\/uploads\/2015\/09\/Al-Bello-Getty02-300x200.jpg 300w, https:\/\/platino-davidferrer.com\/wp-content\/uploads\/2015\/09\/Al-Bello-Getty02.jpg 1024w\" sizes=\"auto, (max-width: 300px) 100vw, 300px\" \/><\/a><\/p>\n<p>David Ferrer won against Radu Albot for 4-6, 7-5, 6-1 y 6-0 in the first round at US Open.<br \/>\nAnd his oppornent of second round will be Filip Krajinovic.<br \/>\n<font size = -1>(Hay m\u00e1s fotos de abajo\/There are more photos below)<\/font><\/p>\n<p style=\"margin-bottom:2em;\">\n<p>Asegur\u00f3 en Conferencia de prensa despu\u00e9s del partido.<br \/>\nHe said at press conference after the match.<\/p>\n<blockquote><p>&#8220;Me voy contento porque he ganado&#8221;<br \/>\n&#8220;He podido competir durante dos horas y cincuenta que ha durado el partido y eso es lo m\u00e1s importante&#8221;<br \/>\n&#8220;sufriendo mucho&#8221; pero &#8220;luego, al hacer puntos m\u00e1s largos me habitu\u00e9, pude mantener o subir el nivel y al final fue \u00e9l (Albot) el que no aguant\u00f3 f\u00edsicamente&#8221;<br \/>\n&#8220;Ahora tengo el brazo cargado&#8221;<br \/>\n&#8220;He estado dos meses que no mejoraba, tuvimos que cambiar el tratamiento y en los \u00faltimos diez d\u00edas ha sido una mejora muy alta. Ese ritmo de partido de partidos a\u00fan me falta, pero es cierto que estoy contento porque puedo aguantar&#8221;<br \/>\n&#8220;Durante dos meses voy a tener que convivir con ello, pero es un dolor que se puede aguantar, no es un dolor de sesi\u00f3n que no pueda levantar el brazo. Los tenistas estamos acostumbrados&#8221;<br \/>\n&#8220;descansar y no pensar en tenis&#8221;.<\/p><\/blockquote>\n<p>&#8211; English<\/p>\n<p><em>&#8220;I&#8217;m happy because I won&#8221;<br \/>\n&#8220;I have been able to compete for two hours and fifty minutes that has lasted the game and that&#8217;s the most important.&#8221;<br \/>\n&#8220;I am suffering a lot&#8221; but &#8220;then, I could make longer points I got used, I was able to maintain or increase the level and finally he (Albot) could not hold physically.&#8221;<br \/>\n&#8220;Now I have charged my arm.&#8221;<br \/>\n&#8220;I&#8217;ve been treatment two months but did not improve, we had to change treatment and in the last ten days it has been a very high improvement.<br \/>\n&#8220;I have yet to match the pace of games, but it is true that I am happy because I can endure.&#8221;<br \/>\n&#8220;For two months I will have to exist together this, but it&#8217;s a pain that can endure, not a pain that cannot lift my arm.<br \/>\nwe Tennis players are accustomed it.&#8221;<br \/>\n&#8220;Will rest and not think about tennis.&#8221;<\/em><\/p>\n<p style=\"margin-bottom:3em;\">\n<p><strong>Photos<\/strong><\/p>\n<p><a href=\"https:\/\/platino-davidferrer.com\/wp-content\/uploads\/2015\/09\/Al-Bello-Getty03.jpg\"><img loading=\"lazy\" decoding=\"async\" src=\"https:\/\/platino-davidferrer.com\/wp-content\/uploads\/2015\/09\/Al-Bello-Getty03-150x150.jpg\" alt=\"US Open Day1 (via Al Bello\/Getty)\" width=\"150\" height=\"150\" class=\"alignnone size-thumbnail wp-image-4335\" \/><\/a>\u3000<a href=\"https:\/\/platino-davidferrer.com\/wp-content\/uploads\/2015\/09\/Al-Bello-Getty04.jpg\"><img loading=\"lazy\" decoding=\"async\" src=\"https:\/\/platino-davidferrer.com\/wp-content\/uploads\/2015\/09\/Al-Bello-Getty04-150x150.jpg\" alt=\"US Open Day1 (via Al Bello\/Getty)\" width=\"150\" height=\"150\" class=\"alignnone size-thumbnail wp-image-4336\" \/><\/a>\u3000<a href=\"https:\/\/platino-davidferrer.com\/wp-content\/uploads\/2015\/09\/Al-Bello-Getty.jpg\"><img loading=\"lazy\" decoding=\"async\" src=\"https:\/\/platino-davidferrer.com\/wp-content\/uploads\/2015\/09\/Al-Bello-Getty-150x150.jpg\" alt=\"US Open Day1 (via Al Bello\/Getty)\" width=\"150\" height=\"150\" class=\"alignnone size-thumbnail wp-image-4340\" \/><\/a>\u3000<a href=\"https:\/\/platino-davidferrer.com\/wp-content\/uploads\/2015\/09\/USO001.jpg\"><img loading=\"lazy\" decoding=\"async\" src=\"https:\/\/platino-davidferrer.com\/wp-content\/uploads\/2015\/09\/USO001-150x150.jpg\" alt=\"US Open Day1 (via USTA\/Ned Dishman)\" width=\"150\" height=\"150\" class=\"alignnone size-thumbnail wp-image-4338\" \/><\/a>\u3000<a href=\"https:\/\/platino-davidferrer.com\/wp-content\/uploads\/2015\/09\/USO002.jpg\"><img loading=\"lazy\" decoding=\"async\" src=\"https:\/\/platino-davidferrer.com\/wp-content\/uploads\/2015\/09\/USO002-150x150.jpg\" alt=\"US Open Day1 (via USTA\/Ned Dishman)\" width=\"150\" height=\"150\" class=\"alignnone size-thumbnail wp-image-4339\" \/><\/a><\/p>\n<p><a href=\"https:\/\/platino-davidferrer.com\/wp-content\/uploads\/2015\/09\/EFE1.jpg\"><img loading=\"lazy\" decoding=\"async\" src=\"https:\/\/platino-davidferrer.com\/wp-content\/uploads\/2015\/09\/EFE1-150x150.jpg\" alt=\"US Open Day1 (via EFE)\" width=\"150\" height=\"150\" class=\"alignnone size-thumbnail wp-image-4337\" \/><\/a>\u3000<a href=\"https:\/\/platino-davidferrer.com\/wp-content\/uploads\/2015\/09\/Leslie01.jpg\"><img loading=\"lazy\" decoding=\"async\" src=\"https:\/\/platino-davidferrer.com\/wp-content\/uploads\/2015\/09\/Leslie01-150x150.jpg\" alt=\"US Open Day1 (via Leslie Jayne Benzing)\" width=\"150\" height=\"150\" class=\"alignnone size-thumbnail wp-image-4343\" \/><\/a>\u3000<a href=\"https:\/\/platino-davidferrer.com\/wp-content\/uploads\/2015\/09\/or.jpg\"><img loading=\"lazy\" decoding=\"async\" src=\"https:\/\/platino-davidferrer.com\/wp-content\/uploads\/2015\/09\/or-150x150.jpg\" alt=\"foto via Yanina Cornejo\" width=\"150\" height=\"150\" class=\"alignnone size-thumbnail wp-image-4344\" \/><\/a><\/p>\n<p>(via Al Bello\/Getty, US Open Official, Leslie Jayne Benzing and Yanina Cornejo! Thank you so much!!!)<\/p>\n<p style=\"margin-bottom:3em;\">\n<p><strong>Articles <\/strong><\/p>\n<p><strong><a href=\"http:\/\/www.mundodeportivo.com\/tenis\/20150901\/201483875625\/david-ferrer-me-voy-contento-porque-he-ganado-venia-muy-justo-y-con-dudas.html\" target=\"_blank\">David Ferrer: &#8220;Me voy contento porque he ganado. Ven\u00eda muy justo y con dudas&#8221;<\/a><\/strong><br \/>\n(via mundodeportivo.com)<\/p>\n<p><strong><a href=\"http:\/\/www.eurosport.es\/tenis\/david-ferrer-pasa-a-la-segunda-ronda-tras-derrotar-al-moldavo-albot_sto4888852\/story.shtml\" target=\"_blank\">David Ferrer pasa a la segunda ronda tras derrotar al moldavo Albot<\/a><\/strong><br \/>\n(via eurosport.es)<\/p>\n<p><strong><a href=\"http:\/\/tenis.as.com\/tenis\/2015\/09\/01\/us_open\/1441069367_256867.html\" target=\"_blank\">Ferrer pasa a segunda ronda tras superar al moldavo Rado Albot<\/a><\/strong><br \/>\n(via as.com)<\/p>\n","protected":false},"excerpt":{"rendered":"<p>Enhorabuena!!! David Ferrer venci\u00f3 a Radu Albot por 4-6, 7-5, 6-1 y 6-0 de primera ronda de USA Open. Y su riv [&hellip;]<\/p>\n","protected":false},"author":1,"featured_media":4331,"comment_status":"open","ping_status":"open","sticky":false,"template":"","format":"standard","meta":{"footnotes":""},"categories":[22],"tags":[37,11,73],"class_list":{"0":"post-4328","1":"post","2":"type-post","3":"status-publish","4":"format-standard","5":"has-post-thumbnail","7":"category-tournament","8":"tag-grand-slam","9":"tag-photo","10":"tag-us-open-2015","11":"czr-hentry"},"aioseo_notices":[],"jetpack_featured_media_url":"https:\/\/platino-davidferrer.com\/wp-content\/uploads\/2015\/09\/Al-Bello-Getty02.jpg","_links":{"self":[{"href":"https:\/\/platino-davidferrer.com\/index.php?rest_route=\/wp\/v2\/posts\/4328","targetHints":{"allow":["GET"]}}],"collection":[{"href":"https:\/\/platino-davidferrer.com\/index.php?rest_route=\/wp\/v2\/posts"}],"about":[{"href":"https:\/\/platino-davidferrer.com\/index.php?rest_route=\/wp\/v2\/types\/post"}],"author":[{"embeddable":true,"href":"https:\/\/platino-davidferrer.com\/index.php?rest_route=\/wp\/v2\/users\/1"}],"replies":[{"embeddable":true,"href":"https:\/\/platino-davidferrer.com\/index.php?rest_route=%2Fwp%2Fv2%2Fcomments&post=4328"}],"version-history":[{"count":0,"href":"https:\/\/platino-davidferrer.com\/index.php?rest_route=\/wp\/v2\/posts\/4328\/revisions"}],"wp:featuredmedia":[{"embeddable":true,"href":"https:\/\/platino-davidferrer.com\/index.php?rest_route=\/wp\/v2\/media\/4331"}],"wp:attachment":[{"href":"https:\/\/platino-davidferrer.com\/index.php?rest_route=%2Fwp%2Fv2%2Fmedia&parent=4328"}],"wp:term":[{"taxonomy":"category","embeddable":true,"href":"https:\/\/platino-davidferrer.com\/index.php?rest_route=%2Fwp%2Fv2%2Fcategories&post=4328"},{"taxonomy":"post_tag","embeddable":true,"href":"https:\/\/platino-davidferrer.com\/index.php?rest_route=%2Fwp%2Fv2%2Ftags&post=4328"}],"curies":[{"name":"wp","href":"https:\/\/api.w.org\/{rel}","templated":true}]}}