{"id":4355,"date":"2015-09-03T23:37:23","date_gmt":"2015-09-03T23:37:23","guid":{"rendered":"https:\/\/platino-davidferrer.com\/?p=4355"},"modified":"2015-09-04T10:43:41","modified_gmt":"2015-09-04T10:43:41","slug":"ferrer-avanza-a-tercera-ronda","status":"publish","type":"post","link":"https:\/\/platino-davidferrer.com\/?p=4355","title":{"rendered":"Ferrer avanza a tercera ronda"},"content":{"rendered":"<p><strong><font size = +1>Enhorabuenaaaa!!!<\/font><\/strong><br \/>\nDavid Ferrer gana a Filip Krajinovic por 7-5, 7-5 y 7-6 (4) en dos horas y 23 minutos.<br \/>\nY su rival en tercera ronda del US Open ser\u00e1 Jeremy Chardy. VAMOS!!!!!<\/p>\n<p><a href=\"https:\/\/platino-davidferrer.com\/wp-content\/uploads\/2015\/09\/MSG.jpg\"><img loading=\"lazy\" decoding=\"async\" src=\"https:\/\/platino-davidferrer.com\/wp-content\/uploads\/2015\/09\/MSG-300x200.jpg\" alt=\"US Open day3 (foto via Matthew Stockman Getty)\" width=\"300\" height=\"200\" class=\"alignnone size-medium wp-image-4357\" srcset=\"https:\/\/platino-davidferrer.com\/wp-content\/uploads\/2015\/09\/MSG-300x200.jpg 300w, https:\/\/platino-davidferrer.com\/wp-content\/uploads\/2015\/09\/MSG.jpg 1024w\" sizes=\"auto, (max-width: 300px) 100vw, 300px\" \/><\/a><\/p>\n<p>David Ferrer won against Filip Krajinovic for 7-5,7-5 and 7-6(4) for 2 hours and 23 minutes.<br \/>\nAnd his next oppornent in the 3rd round at US Open will be Jeremy Chardy. VAMOS!!!!!<\/p>\n<p>David dijo&#8230;<\/p>\n<blockquote><p>&#8220;He bajado f\u00edsicamente, pero he aguantado de cabeza&#8221;<br \/>\n&#8220;much\u00edsimo calor, un bochorno y un agobio&#8221;, &#8220;olvidarse del codo&#8221;<br \/>\n&#8220;Hoy he jugado mejor que el primer d\u00eda, cada vez tengo m\u00e1s confianza en m\u00ed mismo&#8221;<\/p>\n<p>&#8220;muy buena derecha&#8221;<br \/>\n&#8220;No habr\u00e1 tanto &#8216;rally&#8217; pero tendr\u00e9 que estar atento&#8221;<\/p><\/blockquote>\n<p><em>&#8220;My physical has went down, but I endured in my head.<br \/>\nIt was extremely hot, humid and exhausted so forgot about elbow.&#8221;<br \/>\n&#8220;Today I played it better than the first day, every time I have more confidence in myself.&#8221;<br \/>\n&#8220;My forehand is very good.&#8221;<br \/>\n&#8220;There will not be so many &#8216;rally&#8217; but I will have to be carefull.&#8221;<\/em><\/p>\n<blockquote><p>\u201cHa sido duro, sobre todo el primer set, aunque me he encontrado bien tirando. Luego baj\u00e9 f\u00edsicamente y no pude sacar igual. Baj\u00e9 mis porcentajes y con mi derecha ya no hac\u00eda tanto da\u00f1o, aunque aguant\u00e9 bien de cabeza. Es cierto que f\u00edsicamente el tercer set ha sido muy duro\u201d.<br \/>\n\u201cEl momento clave fue el tercer set. Con 4-5 pude darle la vuelta y \u00e9l no cerr\u00f3. F\u00edsicamente estaba al l\u00edmite y se me pod\u00eda haber complicado\u201d<br \/>\n\u201cLa limitaci\u00f3n se produce en los primeros saques y cuando defiendo de cortado. De resto, no me molesta\u201d,<br \/>\n\u201cMe he ido sintiendo mejor. La venda no me da elasticidad a la hora de sacar y a pesar de tener un poco de dolor prefiero jugar sin ella y adaptarme. Nunca me ha gustado jugar con vendas. Si puedo evitarlo, lo hago\u201d.<br \/>\n\u201cEs un jugador que saca muy bien, viene con confianza, ha ganado muchos partidos, tiene muy buena derecha\u2026 quiz\u00e1s no ofrece tantos intercambios, pero tendr\u00e9 que estar muy atento, sobre todo con el primer servicio. Debo mantener buenos porcentajes con este golpe\u201d<\/p><\/blockquote>\n<p><em>&#8220;It has been hard, especially in the first set, even if I was feeling good hitting. Then I went down physically and I could not serve in the same way.&#8221;<\/p>\n<p>&#8220;It has been hard, especially during the first set, even if I was feeling good hitting. Then I had a dip physically and I couldn&#8217;t serve in the same way.<br \/>\nMy percentages went down and my forehand was not hurting as much even if I was holding well mentally.<br \/>\nIt is true that physically has been very tough in the third set.&#8221;<\/p>\n<p>&#8220;The key moment was the third set. At 4-5, I could turn it around and he did not close it out. Physically I was at the limit and it could have been complicated.<br \/>\nThe limitation happens in the first serves, as defend using the slice. For the rest, it does not bother me.&#8221;<\/p>\n<p>&#8220;I&#8217;ve been feeling better.<br \/>\nThe bandage does not give me stretch at the moment to serve and despite a bit of pain, I prefer to play without it and adapt myself. I have never liked to play with bandages. If I can avoid it, I will.&#8221;<\/p>\n<p>&#8220;He(Shardy) is a player who serves very well, he comes with confidence, has won a lot of  games, he has very good forehand. Perhaps he does not play a lot of rallies but I&#8217;ll need to be very attentive, especially with the first serve. I have to maintain a good percentage with this shot.&#8221; <\/em><\/p>\n<p style=\"margin-bottom:3em;\">\n<p><strong><font size = +1>Photos<\/font><\/strong><\/p>\n<p><a href=\"https:\/\/platino-davidferrer.com\/wp-content\/uploads\/2015\/09\/MSG02.jpg\"><img loading=\"lazy\" decoding=\"async\" src=\"https:\/\/platino-davidferrer.com\/wp-content\/uploads\/2015\/09\/MSG02-150x150.jpg\" alt=\"US Open day3 (foto via Matthew Stockman Getty)\" width=\"150\" height=\"150\" class=\"alignnone size-thumbnail wp-image-4360\" \/><\/a>\u3000<a href=\"https:\/\/platino-davidferrer.com\/wp-content\/uploads\/2015\/09\/MSG05.jpg\"><img loading=\"lazy\" decoding=\"async\" src=\"https:\/\/platino-davidferrer.com\/wp-content\/uploads\/2015\/09\/MSG05-150x150.jpg\" alt=\"US Open day3 (foto via Matthew Stockman Getty)\" width=\"150\" height=\"150\" class=\"alignnone size-thumbnail wp-image-4361\" \/><\/a>\u3000<a href=\"https:\/\/platino-davidferrer.com\/wp-content\/uploads\/2015\/09\/MSG06.jpg\"><img loading=\"lazy\" decoding=\"async\" src=\"https:\/\/platino-davidferrer.com\/wp-content\/uploads\/2015\/09\/MSG06-150x150.jpg\" alt=\"US Open day3 (foto via Matthew Stockman Getty)\" width=\"150\" height=\"150\" class=\"alignnone size-thumbnail wp-image-4362\" \/><\/a>\u3000<a href=\"https:\/\/platino-davidferrer.com\/wp-content\/uploads\/2015\/09\/MSG07.jpg\"><img loading=\"lazy\" decoding=\"async\" src=\"https:\/\/platino-davidferrer.com\/wp-content\/uploads\/2015\/09\/MSG07-150x150.jpg\" alt=\"US Open day3 (foto via Matthew Stockman Getty)\" width=\"150\" height=\"150\" class=\"alignnone size-thumbnail wp-image-4359\" \/><\/a>\u3000<a href=\"https:\/\/platino-davidferrer.com\/wp-content\/uploads\/2015\/09\/ef.jpg\"><img loading=\"lazy\" decoding=\"async\" src=\"https:\/\/platino-davidferrer.com\/wp-content\/uploads\/2015\/09\/ef-150x150.jpg\" alt=\"US Open day3\" width=\"150\" height=\"150\" class=\"alignnone size-thumbnail wp-image-4365\" \/><\/a><\/p>\n<p><a href=\"https:\/\/platino-davidferrer.com\/wp-content\/uploads\/2015\/09\/IMG_5647.jpg\"><img loading=\"lazy\" decoding=\"async\" src=\"https:\/\/platino-davidferrer.com\/wp-content\/uploads\/2015\/09\/IMG_5647-150x150.jpg\" alt=\"US Open day3 (foto via Team Alize Cornet)\" width=\"150\" height=\"150\" class=\"alignnone size-thumbnail wp-image-4367\" \/><\/a>\u3000<a href=\"https:\/\/platino-davidferrer.com\/wp-content\/uploads\/2015\/09\/IMG_5648.jpg\"><img loading=\"lazy\" decoding=\"async\" src=\"https:\/\/platino-davidferrer.com\/wp-content\/uploads\/2015\/09\/IMG_5648-150x150.jpg\" alt=\"US Open day3 (foto via Team Alize Cornet)\" width=\"150\" height=\"150\" class=\"alignnone size-thumbnail wp-image-4368\" \/><\/a>\u3000<a href=\"https:\/\/platino-davidferrer.com\/wp-content\/uploads\/2015\/09\/IMG_5643.jpg\"><img loading=\"lazy\" decoding=\"async\" src=\"https:\/\/platino-davidferrer.com\/wp-content\/uploads\/2015\/09\/IMG_5643-150x150.jpg\" alt=\"US Open day3 (foto via Team Alize Cornet)\" width=\"150\" height=\"150\" class=\"alignnone size-thumbnail wp-image-4369\" \/><\/a>\u3000<a href=\"https:\/\/platino-davidferrer.com\/wp-content\/uploads\/2015\/09\/IMG_5644.jpg\"><img loading=\"lazy\" decoding=\"async\" src=\"https:\/\/platino-davidferrer.com\/wp-content\/uploads\/2015\/09\/IMG_5644-150x150.jpg\" alt=\"US Open day3 (foto via Team Alize Cornet)\" width=\"150\" height=\"150\" class=\"alignnone size-thumbnail wp-image-4370\" \/><\/a>\u3000<a href=\"https:\/\/platino-davidferrer.com\/wp-content\/uploads\/2015\/09\/IMG_5646.jpg\"><img loading=\"lazy\" decoding=\"async\" src=\"https:\/\/platino-davidferrer.com\/wp-content\/uploads\/2015\/09\/IMG_5646-150x150.jpg\" alt=\"US Open day3 (foto via Team Alize Cornet)\" width=\"150\" height=\"150\" class=\"alignnone size-thumbnail wp-image-4371\" \/><\/a><\/p>\n<p><strong>Y m\u00e1s Fotos est\u00e1n aqu\u00ed! (25 fotos)<\/strong><br \/>\nAnd more Photo is here!<\/p>\n<p><strong><a href=\"https:\/\/platino-davidferrer.com\/photos\/photo-us-open-2015-via-linda-marie-1\/\">PHOTO: US Open 2015, via Linda Marie #1<\/a><\/strong><\/p>\n<p style=\"margin-bottom:3em;\">\n<p><strong><font size = +1>Articles<\/font><\/strong><\/p>\n<p><strong><a href=\"http:\/\/www.marca.com\/2015\/09\/02\/tenis\/us_open\/1441216388.html\" target=\"_blank\">Ferrer suda para estar en dieciseisavos<\/a><\/strong><br \/>\n<strong><a href=\"http:\/\/www.marca.com\/2015\/09\/02\/tenis\/us_open\/1441222905.html\" target=\"_blank\">Ferrer: &#8220;He bajado f\u00edsicamente, pero he aguantado de cabeza&#8221;<\/a><\/strong><br \/>\n(via MARCA)<\/p>\n<p><strong><a href=\"http:\/\/www.mundodeportivo.com\/tenis\/20150902\/201509369697\/david-ferrer-a-tercera-ronda.html\" target=\"_blank\">David Ferrer, a tercera ronda<\/a><\/strong><br \/>\n(via Mundo Deportivo)<\/p>\n<p><strong><a href=\"http:\/\/www.sport.es\/es\/noticias\/tenis\/david-ferrer-accede-tercera-ronda-4476014\" target=\"_blank\">David Ferrer accede por sexto a\u00f1o consecutivo a tercera ronda<\/a><\/strong><br \/>\n(via sport.es)<\/p>\n<p><strong><a href=\"http:\/\/www.lavozdegalicia.es\/noticia\/deportes\/2015\/09\/02\/david-ferrer-suda-pase-tercera-ronda\/00031441217223049240109.htm\" target=\"_blank\">David Ferrer suda su pase a tercera ronda<\/a><\/strong><br \/>\n(via lavozdegalicia.es)<\/p>\n<p><strong><a href=\"http:\/\/www.eluniversal.com.mx\/articulo\/deportes\/mas-deportes\/2015\/09\/2\/david-ferrer-avanza-tercera-ronda-del-us-open\" target=\"_blank\">David Ferrer avanza a tercera ronda del us open<\/a><\/strong><br \/>\n(via eluniversal.com.mx)<\/p>\n<p><strong><a href=\"http:\/\/cadenaser.com\/ser\/2015\/09\/02\/deportes\/1441218344_920664.html\" target=\"_blank\">Rafa Nadal, David Ferrer, Feliciano L\u00f3pez y Bautista pasan a tercera ronda<\/a><\/strong><br \/>\n(via cadenaser.com)<\/p>\n<p><strong><a href=\"http:\/\/www.tennistopic.com\/rod-laver-arena\/historias\/gladiator-ha-vuelto\/\" target=\"_blank\">Gladiator ha vuelto<\/a><\/strong><br \/>\n(via tennistopic.com)<\/p>\n<p style=\"margin-bottom:3em;\">\n<p>David jugar\u00e1 ma\u00f1ana la tercera ronda del US Open contra Jeremy Chardy en el tercer torno de la pista Louis Armstrong. <\/p>\n<p><a href=\"https:\/\/platino-davidferrer.com\/wp-content\/uploads\/2015\/09\/IMG_5684.jpg\"><img loading=\"lazy\" decoding=\"async\" src=\"https:\/\/platino-davidferrer.com\/wp-content\/uploads\/2015\/09\/IMG_5684-300x190.jpg\" alt=\"H2H del 3R  en US Open\" width=\"300\" height=\"190\" class=\"alignnone size-medium wp-image-4422\" srcset=\"https:\/\/platino-davidferrer.com\/wp-content\/uploads\/2015\/09\/IMG_5684-300x190.jpg 300w, https:\/\/platino-davidferrer.com\/wp-content\/uploads\/2015\/09\/IMG_5684.jpg 748w\" sizes=\"auto, (max-width: 300px) 100vw, 300px\" \/><\/a><\/p>\n<p><strong><font size = +1>Much\u00edsima suerte, Ferru!!!!!<\/font><\/strong><\/p>\n","protected":false},"excerpt":{"rendered":"<p>Enhorabuenaaaa!!! David Ferrer gana a Filip Krajinovic por 7-5, 7-5 y 7-6 (4) en dos horas y 23 minutos. Y su  [&hellip;]<\/p>\n","protected":false},"author":1,"featured_media":4357,"comment_status":"open","ping_status":"open","sticky":false,"template":"","format":"standard","meta":{"footnotes":""},"categories":[22],"tags":[37,11,73],"class_list":{"0":"post-4355","1":"post","2":"type-post","3":"status-publish","4":"format-standard","5":"has-post-thumbnail","7":"category-tournament","8":"tag-grand-slam","9":"tag-photo","10":"tag-us-open-2015","11":"czr-hentry"},"aioseo_notices":[],"jetpack_featured_media_url":"https:\/\/platino-davidferrer.com\/wp-content\/uploads\/2015\/09\/MSG.jpg","_links":{"self":[{"href":"https:\/\/platino-davidferrer.com\/index.php?rest_route=\/wp\/v2\/posts\/4355","targetHints":{"allow":["GET"]}}],"collection":[{"href":"https:\/\/platino-davidferrer.com\/index.php?rest_route=\/wp\/v2\/posts"}],"about":[{"href":"https:\/\/platino-davidferrer.com\/index.php?rest_route=\/wp\/v2\/types\/post"}],"author":[{"embeddable":true,"href":"https:\/\/platino-davidferrer.com\/index.php?rest_route=\/wp\/v2\/users\/1"}],"replies":[{"embeddable":true,"href":"https:\/\/platino-davidferrer.com\/index.php?rest_route=%2Fwp%2Fv2%2Fcomments&post=4355"}],"version-history":[{"count":0,"href":"https:\/\/platino-davidferrer.com\/index.php?rest_route=\/wp\/v2\/posts\/4355\/revisions"}],"wp:featuredmedia":[{"embeddable":true,"href":"https:\/\/platino-davidferrer.com\/index.php?rest_route=\/wp\/v2\/media\/4357"}],"wp:attachment":[{"href":"https:\/\/platino-davidferrer.com\/index.php?rest_route=%2Fwp%2Fv2%2Fmedia&parent=4355"}],"wp:term":[{"taxonomy":"category","embeddable":true,"href":"https:\/\/platino-davidferrer.com\/index.php?rest_route=%2Fwp%2Fv2%2Fcategories&post=4355"},{"taxonomy":"post_tag","embeddable":true,"href":"https:\/\/platino-davidferrer.com\/index.php?rest_route=%2Fwp%2Fv2%2Ftags&post=4355"}],"curies":[{"name":"wp","href":"https:\/\/api.w.org\/{rel}","templated":true}]}}