{"id":4503,"date":"2015-09-10T23:44:24","date_gmt":"2015-09-10T23:44:24","guid":{"rendered":"https:\/\/platino-davidferrer.com\/?p=4503"},"modified":"2015-09-11T11:15:08","modified_gmt":"2015-09-11T11:15:08","slug":"ferrer-vuelve-a-la-copa-davis","status":"publish","type":"post","link":"https:\/\/platino-davidferrer.com\/?p=4503","title":{"rendered":"Ferrer vuelve a la Copa Davis"},"content":{"rendered":"<p><strong><font size = +2>David Ferrer vuelve a la Copa Davis!!<\/font><\/strong><\/p>\n<p style=\"margin-bottom:3em;\">\n<p><a href=\"https:\/\/platino-davidferrer.com\/wp-content\/uploads\/2015\/09\/16.jpg\"><img loading=\"lazy\" decoding=\"async\" src=\"https:\/\/platino-davidferrer.com\/wp-content\/uploads\/2015\/09\/16.jpg\" alt=\"El equipo de Espa\u00f1a\" width=\"471\" height=\"283\" class=\"alignnone size-full wp-image-4544\" srcset=\"https:\/\/platino-davidferrer.com\/wp-content\/uploads\/2015\/09\/16.jpg 471w, https:\/\/platino-davidferrer.com\/wp-content\/uploads\/2015\/09\/16-300x180.jpg 300w\" sizes=\"auto, (max-width: 471px) 100vw, 471px\" \/><\/a><\/p>\n<p><strong>David Ferrer, Rafael Nadal, Roberto Bautista Agut, Fernando Verdasco y David Marrero<\/strong> viajar\u00e1n a Odense para disputar ante Dinamarca la eliminatoria de Copa Davis correspondiente a la primera ronda del play-off, que se jugar\u00e1n la pr\u00f3xima semana del 18 al 20 de septiembre. <\/p>\n<p>El equipo viajar\u00e1 a Dinamarca el pr\u00f3ximo lunes por la ma\u00f1ana, y tiene previsto realizar el primer entrenamiento sobre la pista indoor dura (Deco Turf) del centro de deportes Odense Idr\u00e6tshal esa misma tarde, a partir de las 17 horas.<\/p>\n<p><strong>Conchita Mart\u00ednez:<\/strong><\/p>\n<blockquote><p>\u201cTenemos un equipo espectacular\u201d<br \/>\n\u201cSiempre es peligroso jugar fuera de Espa\u00f1a donde las condiciones obviamente van a favorecer al equipo de casa, espero que la pista no sea demasiado r\u00e1pida y est\u00e9 controlada por la ITF\u201d.<br \/>\n\u201cel compromiso y las ganas de nuestros jugadores por sacar el equipo adelante, mantener la categor\u00eda y volver al Grupo Mundial el pr\u00f3ximo a\u00f1o\u201d.<\/p><\/blockquote>\n<p>&#8211; in English<br \/>\n<em>&#8220;We have an amazing team,&#8221;<br \/>\n&#8220;It is always dangerous to play outside of Spain where conditions are obviously going to favor the home team, I hope the court will not be too fast and controlled by the ITF.&#8221;<br \/>\n&#8220;The commitment and the willingness of our players to move forward for the team, to maintain the category and will return to the World Group next year.&#8221;<\/em><\/p>\n<p>**********<\/p>\n<p>David Ferrer, Rafael Nadal, Roberto Bautista Agut, David Marrero and Fernando Verdasco  will travel to Odense to play against Denmark for the Davis Cup qualifying tie corresponding to the first round of the play-off, which will be played next week from 18 to 20 September.<\/p>\n<p>The team will travel to Denmark on Monday morning, and plans to the first training on the indoor hard court (Deco Turf) of the Odense Sports Center at the same day in the afternoon, from 17 pm.<br \/>\n(via rfet.es)<\/p>\n<p style=\"margin-bottom:3em;\">\n<p><strong><font size = +1>Davis Cup<\/font><br \/>\n\u3000Date: 18 Sep &#8211; 20 Sep 2015<br \/>\n\u3000Venue: Odense Idr\u00e6tshal, Denmark<br \/>\n\u3000Start times:<br \/>\nDay 1: 1600 hrs (1400 hrs GMT)<br \/>\nDay 2: 1600 hrs (1400 hrs GMT)<br \/>\nDay 3: 1400 hrs (1200 hrs GMT)<br \/>\nSurface: Hard (DecoTurf Cat 2), Indoor<br \/>\nBall: Head ATP<\/strong><\/p>\n<p style=\"margin-bottom:3em;\">\n<p><strong><font size = +1>Vamos Espa\u00f1a!!!<\/font><\/strong><\/p>\n<p><a href=\"https:\/\/platino-davidferrer.com\/wp-content\/uploads\/2015\/09\/dvsesp.jpg\"><img loading=\"lazy\" decoding=\"async\" src=\"https:\/\/platino-davidferrer.com\/wp-content\/uploads\/2015\/09\/dvsesp-300x225.jpg\" alt=\"El equipo de Espa\u00f1a\" width=\"300\" height=\"225\" class=\"alignnone size-medium wp-image-4547\" srcset=\"https:\/\/platino-davidferrer.com\/wp-content\/uploads\/2015\/09\/dvsesp-300x225.jpg 300w, https:\/\/platino-davidferrer.com\/wp-content\/uploads\/2015\/09\/dvsesp-1024x768.jpg 1024w, https:\/\/platino-davidferrer.com\/wp-content\/uploads\/2015\/09\/dvsesp.jpg 1200w\" sizes=\"auto, (max-width: 300px) 100vw, 300px\" \/><\/a>\u3000<a href=\"https:\/\/platino-davidferrer.com\/wp-content\/uploads\/2015\/09\/CDmember.jpg\"><img loading=\"lazy\" decoding=\"async\" src=\"https:\/\/platino-davidferrer.com\/wp-content\/uploads\/2015\/09\/CDmember-300x217.jpg\" alt=\"\" width=\"300\" height=\"217\" class=\"alignnone size-medium wp-image-4556\" srcset=\"https:\/\/platino-davidferrer.com\/wp-content\/uploads\/2015\/09\/CDmember-300x217.jpg 300w, https:\/\/platino-davidferrer.com\/wp-content\/uploads\/2015\/09\/CDmember.jpg 640w\" sizes=\"auto, (max-width: 300px) 100vw, 300px\" \/><\/a><\/p>\n<p style=\"margin-bottom:3em;\">\n<p><strong><font size = +1>Articles :<\/font><\/strong><\/p>\n<p><strong><a href=\"http:\/\/www.rfet.es\/noticias\/det\/Ferrer_Nadal_Bautista_Verdasco_y_Marrero_viajaran_a_Odense_para_jugar_la_Copa_Davis_ante_Dinamarca\/6278.html\" target=\"_blank\">Ferrer, Nadal, Bautista, Verdasco y Marrero viajar\u00e1n a Odense para jugar la Copa Davis ante Dinamarca<\/a><\/strong><br \/>\n(via RFET.es)<\/p>\n<p><a href=\"http:\/\/www.marca.com\/2015\/09\/08\/tenis\/copa_davis\/1441703733.html\" target=\"_blank\"><strong>Ferrer y Nadal vuelven a la Davis<\/strong><\/a><br \/>\n(via MARCA)<\/p>\n<p><strong><a href=\"http:\/\/tenis.as.com\/tenis\/2015\/09\/08\/copa_davis\/1441707249_716638.html\" target=\"_blank\">Nadal y Ferrer lideran el equipo de Copa Davis ante Dinamarca<\/a><\/strong><br \/>\n(via as.com)<\/p>\n<p><strong><a href=\"http:\/\/www.eurosport.es\/tenis\/davis-cup\/2015\/rafa-nadal-volvera-a-defender-a-espana-en-la-copa-davis-ante-dinamarca_sto4901477\/story.shtml\" target=\"_blank\">Rafa Nadal y David Ferrer volver\u00e1n con Conchita en la Davis ante Dinamarca<\/a><\/strong><br \/>\n(via eurosport.es)<\/p>\n<p><strong><a href=\"http:\/\/elprogreso.galiciae.com\/noticia\/437078\/nadal-y-ferrer-vuelven-la-davis-para-luchar-por-la-permanencia-ante-dinamarca\" target=\"_blank\">Nadal y Ferrer vuelven a la Davis para luchar por la permanencia ante Dinamarca<\/a><\/strong><br \/>\n(via el progreso)<\/p>\n<p><a href=\"http:\/\/www.20minutos.es\/deportes\/noticia\/copa-davis-espana-dinamarca-nadal-ferrer-verdasco-bautista-2550981\/0\/\" target=\"_blank\"><strong>Nadal, Ferrer, Verdasco y Roberto Bautista, contra Dinamarca en la Copa Davis<\/strong><\/a><br \/>\n(via 20 minutos)<\/p>\n<p><a href=\"http:\/\/xabiaaldia.com\/david-ferrer-regresa-a-la-copa-davis-con-hambre-de-victoria\/\" target=\"_blank\"><strong>David Ferrer regresa a la Copa Davis con hambre de victoria<\/strong><\/a><br \/>\n(via xabia al dia)<\/p>\n","protected":false},"excerpt":{"rendered":"<p>David Ferrer vuelve a la Copa Davis!! David Ferrer, Rafael Nadal, Roberto Bautista Agut, Fernando Verdasco y D [&hellip;]<\/p>\n","protected":false},"author":1,"featured_media":4571,"comment_status":"open","ping_status":"open","sticky":false,"template":"","format":"standard","meta":{"footnotes":""},"categories":[4],"tags":[64,24],"class_list":{"0":"post-4503","1":"post","2":"type-post","3":"status-publish","4":"format-standard","5":"has-post-thumbnail","7":"category-news","8":"tag-copa-davis","9":"tag-news","10":"czr-hentry"},"aioseo_notices":[],"jetpack_featured_media_url":"https:\/\/platino-davidferrer.com\/wp-content\/uploads\/2015\/09\/006.jpg","_links":{"self":[{"href":"https:\/\/platino-davidferrer.com\/index.php?rest_route=\/wp\/v2\/posts\/4503","targetHints":{"allow":["GET"]}}],"collection":[{"href":"https:\/\/platino-davidferrer.com\/index.php?rest_route=\/wp\/v2\/posts"}],"about":[{"href":"https:\/\/platino-davidferrer.com\/index.php?rest_route=\/wp\/v2\/types\/post"}],"author":[{"embeddable":true,"href":"https:\/\/platino-davidferrer.com\/index.php?rest_route=\/wp\/v2\/users\/1"}],"replies":[{"embeddable":true,"href":"https:\/\/platino-davidferrer.com\/index.php?rest_route=%2Fwp%2Fv2%2Fcomments&post=4503"}],"version-history":[{"count":0,"href":"https:\/\/platino-davidferrer.com\/index.php?rest_route=\/wp\/v2\/posts\/4503\/revisions"}],"wp:featuredmedia":[{"embeddable":true,"href":"https:\/\/platino-davidferrer.com\/index.php?rest_route=\/wp\/v2\/media\/4571"}],"wp:attachment":[{"href":"https:\/\/platino-davidferrer.com\/index.php?rest_route=%2Fwp%2Fv2%2Fmedia&parent=4503"}],"wp:term":[{"taxonomy":"category","embeddable":true,"href":"https:\/\/platino-davidferrer.com\/index.php?rest_route=%2Fwp%2Fv2%2Fcategories&post=4503"},{"taxonomy":"post_tag","embeddable":true,"href":"https:\/\/platino-davidferrer.com\/index.php?rest_route=%2Fwp%2Fv2%2Ftags&post=4503"}],"curies":[{"name":"wp","href":"https:\/\/api.w.org\/{rel}","templated":true}]}}