{"id":4623,"date":"2015-09-15T23:36:32","date_gmt":"2015-09-15T23:36:32","guid":{"rendered":"https:\/\/platino-davidferrer.com\/?p=4623"},"modified":"2015-09-16T13:43:15","modified_gmt":"2015-09-16T13:43:15","slug":"la-armada-espanola-zarpo","status":"publish","type":"post","link":"https:\/\/platino-davidferrer.com\/?p=4623","title":{"rendered":"La Armada Espa\u00f1ola zarp\u00f3!"},"content":{"rendered":"<p><strong><font size = +2>Vamos!!!<\/font><br \/>\n<font size = +1>El pr\u00f3ximo torneo que disputar\u00e1 David Ferrer ser\u00e1 La Copa Davis en Odense, Dinamarca.<br \/>\n(del 18 al 20 de Septiembre).<\/font><\/strong><\/p>\n<p><a href=\"https:\/\/platino-davidferrer.com\/wp-content\/uploads\/2015\/09\/copa2015s.jpg\"><img loading=\"lazy\" decoding=\"async\" src=\"https:\/\/platino-davidferrer.com\/wp-content\/uploads\/2015\/09\/copa2015s-300x111.jpg\" alt=\"Copa Davis 2015\" width=\"300\" height=\"111\" class=\"alignnone size-medium wp-image-4633\" srcset=\"https:\/\/platino-davidferrer.com\/wp-content\/uploads\/2015\/09\/copa2015s-300x111.jpg 300w, https:\/\/platino-davidferrer.com\/wp-content\/uploads\/2015\/09\/copa2015s.jpg 851w\" sizes=\"auto, (max-width: 300px) 100vw, 300px\" \/><\/a><\/p>\n<p>\u3000Date: 18 Sep \u2013 20 Sep 2015<br \/>\n\u3000Venue: Odense Idr\u00e6tshal, Denmark<br \/>\n\u3000Start times:<br \/>\n<strong>Day 1: 1600 hrs (1400 hrs GMT)<br \/>\nDay 2: 1600 hrs (1400 hrs GMT)<br \/>\nDay 3: 1400 hrs (1200 hrs GMT)<\/strong><br \/>\nSurface: Hard (DecoTurf Cat 2), Indoor<\/p>\n<p>Llegaron en Odense, Dinamarca y comenzaron el entrenamiento!!!<br \/>\n<strong>Vamos Armada! Much\u00edsima suerte!!!!!<\/strong><\/p>\n<p style=\"margin-bottom:3em;\">\n<p><strong>Fotos :<\/strong><\/p>\n<p><a href=\"https:\/\/platino-davidferrer.com\/wp-content\/uploads\/2015\/09\/IMG_6041.jpg\"><img loading=\"lazy\" decoding=\"async\" src=\"https:\/\/platino-davidferrer.com\/wp-content\/uploads\/2015\/09\/IMG_6041-300x225.jpg\" alt=\"Foto de la Copa Davis\" width=\"300\" height=\"225\" class=\"alignnone size-medium wp-image-4630\" srcset=\"https:\/\/platino-davidferrer.com\/wp-content\/uploads\/2015\/09\/IMG_6041-300x225.jpg 300w, https:\/\/platino-davidferrer.com\/wp-content\/uploads\/2015\/09\/IMG_6041.jpg 1024w\" sizes=\"auto, (max-width: 300px) 100vw, 300px\" \/><\/a>\u3000<a href=\"https:\/\/platino-davidferrer.com\/wp-content\/uploads\/2015\/09\/IMG_6036.jpg\"><img loading=\"lazy\" decoding=\"async\" src=\"https:\/\/platino-davidferrer.com\/wp-content\/uploads\/2015\/09\/IMG_6036-300x225.jpg\" alt=\"Foto de la Copa Davis\" width=\"300\" height=\"225\" class=\"alignnone size-medium wp-image-4626\" srcset=\"https:\/\/platino-davidferrer.com\/wp-content\/uploads\/2015\/09\/IMG_6036-300x225.jpg 300w, https:\/\/platino-davidferrer.com\/wp-content\/uploads\/2015\/09\/IMG_6036.jpg 1024w\" sizes=\"auto, (max-width: 300px) 100vw, 300px\" \/><\/a><\/p>\n<p><a href=\"https:\/\/platino-davidferrer.com\/wp-content\/uploads\/2015\/09\/0n3.jpg\"><img loading=\"lazy\" decoding=\"async\" src=\"https:\/\/platino-davidferrer.com\/wp-content\/uploads\/2015\/09\/0n3-150x150.jpg\" alt=\"Foto de la Copa Davis\" width=\"150\" height=\"150\" class=\"alignnone size-thumbnail wp-image-4660\" \/><\/a>\u3000<a href=\"https:\/\/platino-davidferrer.com\/wp-content\/uploads\/2015\/09\/dnn.jpg\"><img loading=\"lazy\" decoding=\"async\" src=\"https:\/\/platino-davidferrer.com\/wp-content\/uploads\/2015\/09\/dnn-150x150.jpg\" alt=\"Foto de la Copa Davis\" width=\"150\" height=\"150\" class=\"alignnone size-thumbnail wp-image-4679\" srcset=\"https:\/\/platino-davidferrer.com\/wp-content\/uploads\/2015\/09\/dnn-150x150.jpg 150w, https:\/\/platino-davidferrer.com\/wp-content\/uploads\/2015\/09\/dnn-300x300.jpg 300w, https:\/\/platino-davidferrer.com\/wp-content\/uploads\/2015\/09\/dnn.jpg 960w\" sizes=\"auto, (max-width: 150px) 100vw, 150px\" \/><\/a>\u3000<a href=\"https:\/\/platino-davidferrer.com\/wp-content\/uploads\/2015\/09\/IMG_6035.jpg\"><img loading=\"lazy\" decoding=\"async\" src=\"https:\/\/platino-davidferrer.com\/wp-content\/uploads\/2015\/09\/IMG_6035-150x150.jpg\" alt=\"Foto de la Copa Davis\" width=\"150\" height=\"150\" class=\"alignnone size-thumbnail wp-image-4625\" \/><\/a>\u3000<a href=\"https:\/\/platino-davidferrer.com\/wp-content\/uploads\/2015\/09\/IMG_6033.jpg\"><img loading=\"lazy\" decoding=\"async\" src=\"https:\/\/platino-davidferrer.com\/wp-content\/uploads\/2015\/09\/IMG_6033-150x150.jpg\" alt=\"Foto de la Copa Davis\" width=\"150\" height=\"150\" class=\"alignnone size-thumbnail wp-image-4624\" \/><\/a>\u3000<a href=\"https:\/\/platino-davidferrer.com\/wp-content\/uploads\/2015\/09\/0n.jpg\"><img loading=\"lazy\" decoding=\"async\" src=\"https:\/\/platino-davidferrer.com\/wp-content\/uploads\/2015\/09\/0n-150x150.jpg\" alt=\"Foto de la Copa Davis\" width=\"150\" height=\"150\" class=\"alignnone size-thumbnail wp-image-4650\" \/><\/a><\/p>\n<p><a href=\"https:\/\/platino-davidferrer.com\/wp-content\/uploads\/2015\/09\/0003.jpg\"><img loading=\"lazy\" decoding=\"async\" src=\"https:\/\/platino-davidferrer.com\/wp-content\/uploads\/2015\/09\/0003-150x150.jpg\" alt=\"Foto de la Copa Davis\" width=\"150\" height=\"150\" class=\"alignnone size-thumbnail wp-image-4638\" \/><\/a>\u3000<a href=\"https:\/\/platino-davidferrer.com\/wp-content\/uploads\/2015\/09\/0004.jpg\"><img loading=\"lazy\" decoding=\"async\" src=\"https:\/\/platino-davidferrer.com\/wp-content\/uploads\/2015\/09\/0004-150x150.jpg\" alt=\"Foto de la Copa Davis\" width=\"150\" height=\"150\" class=\"alignnone size-thumbnail wp-image-4639\" \/><\/a>\u3000<a href=\"https:\/\/platino-davidferrer.com\/wp-content\/uploads\/2015\/09\/0005.jpg\"><img loading=\"lazy\" decoding=\"async\" src=\"https:\/\/platino-davidferrer.com\/wp-content\/uploads\/2015\/09\/0005-150x150.jpg\" alt=\"Foto de la Copa Davis\" width=\"150\" height=\"150\" class=\"alignnone size-thumbnail wp-image-4640\" \/><\/a>\u3000<a href=\"https:\/\/platino-davidferrer.com\/wp-content\/uploads\/2015\/09\/0007.jpg\"><img loading=\"lazy\" decoding=\"async\" src=\"https:\/\/platino-davidferrer.com\/wp-content\/uploads\/2015\/09\/0007-150x150.jpg\" alt=\"Foto de la Copa Davis\" width=\"150\" height=\"150\" class=\"alignnone size-thumbnail wp-image-4641\" \/><\/a>\u3000<a href=\"https:\/\/platino-davidferrer.com\/wp-content\/uploads\/2015\/09\/0nm.jpg\"><img loading=\"lazy\" decoding=\"async\" src=\"https:\/\/platino-davidferrer.com\/wp-content\/uploads\/2015\/09\/0nm-150x150.jpg\" alt=\"Foto de la Copa Davis\" width=\"150\" height=\"150\" class=\"alignnone size-thumbnail wp-image-4656\" \/><\/a><\/p>\n<p><a href=\"https:\/\/platino-davidferrer.com\/wp-content\/uploads\/2015\/09\/0001.jpg\"><img loading=\"lazy\" decoding=\"async\" src=\"https:\/\/platino-davidferrer.com\/wp-content\/uploads\/2015\/09\/0001-150x150.jpg\" alt=\"Foto de la Copa Davis\" width=\"150\" height=\"150\" class=\"alignnone size-thumbnail wp-image-4636\" \/><\/a>\u3000<a href=\"https:\/\/platino-davidferrer.com\/wp-content\/uploads\/2015\/09\/0002.jpg\"><img loading=\"lazy\" decoding=\"async\" src=\"https:\/\/platino-davidferrer.com\/wp-content\/uploads\/2015\/09\/0002-150x150.jpg\" alt=\"Foto de la Copa Davis\" width=\"150\" height=\"150\" class=\"alignnone size-thumbnail wp-image-4637\" \/><\/a>\u3000<a href=\"https:\/\/platino-davidferrer.com\/wp-content\/uploads\/2015\/09\/0n5.jpg\"><img loading=\"lazy\" decoding=\"async\" src=\"https:\/\/platino-davidferrer.com\/wp-content\/uploads\/2015\/09\/0n5-150x150.jpg\" alt=\"Foto de la Copa Davis\" width=\"150\" height=\"150\" class=\"alignnone size-thumbnail wp-image-4662\" \/><\/a>\u3000<a href=\"https:\/\/platino-davidferrer.com\/wp-content\/uploads\/2015\/09\/0009.jpg\"><img loading=\"lazy\" decoding=\"async\" src=\"https:\/\/platino-davidferrer.com\/wp-content\/uploads\/2015\/09\/0009-150x150.jpg\" alt=\"Foto de la Copa Davis\" width=\"150\" height=\"150\" class=\"alignnone size-thumbnail wp-image-4642\" \/><\/a>\u3000<a href=\"https:\/\/platino-davidferrer.com\/wp-content\/uploads\/2015\/09\/0n6.jpg\"><img loading=\"lazy\" decoding=\"async\" src=\"https:\/\/platino-davidferrer.com\/wp-content\/uploads\/2015\/09\/0n6-150x150.jpg\" alt=\"Foto de la Copa Davis\" width=\"150\" height=\"150\" class=\"alignnone size-thumbnail wp-image-4663\" \/><\/a><\/p>\n<p><a href=\"https:\/\/platino-davidferrer.com\/wp-content\/uploads\/2015\/09\/IMG_6038.jpg\"><img loading=\"lazy\" decoding=\"async\" src=\"https:\/\/platino-davidferrer.com\/wp-content\/uploads\/2015\/09\/IMG_6038-150x150.jpg\" alt=\"Foto de la Copa Davis\" width=\"150\" height=\"150\" class=\"alignnone size-thumbnail wp-image-4628\" \/><\/a>\u3000<a href=\"https:\/\/platino-davidferrer.com\/wp-content\/uploads\/2015\/09\/IMG_6039.jpg\"><img loading=\"lazy\" decoding=\"async\" src=\"https:\/\/platino-davidferrer.com\/wp-content\/uploads\/2015\/09\/IMG_6039-150x150.jpg\" alt=\"Foto de la Copa Davis\" width=\"150\" height=\"150\" class=\"alignnone size-thumbnail wp-image-4629\" \/><\/a>\u3000<a href=\"https:\/\/platino-davidferrer.com\/wp-content\/uploads\/2015\/09\/0n4.jpg\"><img loading=\"lazy\" decoding=\"async\" src=\"https:\/\/platino-davidferrer.com\/wp-content\/uploads\/2015\/09\/0n4-150x150.jpg\" alt=\"Foto de la Copa Davis\" width=\"150\" height=\"150\" class=\"alignnone size-thumbnail wp-image-4661\" \/><\/a>\u3000<a href=\"https:\/\/platino-davidferrer.com\/wp-content\/uploads\/2015\/09\/00091.jpg\"><img loading=\"lazy\" decoding=\"async\" src=\"https:\/\/platino-davidferrer.com\/wp-content\/uploads\/2015\/09\/00091-150x150.jpg\" alt=\"Foto de la Copa Davis\" width=\"150\" height=\"150\" class=\"alignnone size-thumbnail wp-image-4643\" \/><\/a>\u3000<a href=\"https:\/\/platino-davidferrer.com\/wp-content\/uploads\/2015\/09\/00094.jpg\"><img loading=\"lazy\" decoding=\"async\" src=\"https:\/\/platino-davidferrer.com\/wp-content\/uploads\/2015\/09\/00094-150x150.jpg\" alt=\"Foto de la Copa Davis\" width=\"150\" height=\"150\" class=\"alignnone size-thumbnail wp-image-4646\" \/><\/a>\u3000<\/p>\n<p><a href=\"https:\/\/platino-davidferrer.com\/wp-content\/uploads\/2015\/09\/IMG_6037.jpg\"><img loading=\"lazy\" decoding=\"async\" src=\"https:\/\/platino-davidferrer.com\/wp-content\/uploads\/2015\/09\/IMG_6037-150x150.jpg\" alt=\"Foto de la Copa Davis\" width=\"150\" height=\"150\" class=\"alignnone size-thumbnail wp-image-4627\" \/><\/a><\/p>\n<p>(Fotos via Pedro Hernandez \u200f@PedroRFET twitter, Equipo Espa\u00f1ol de Copa Davis Facebook, Brigitte Urban<br \/>\n@sharonapalma ! Thank you so much!!!)<\/p>\n","protected":false},"excerpt":{"rendered":"<p>Vamos!!! El pr\u00f3ximo torneo que disputar\u00e1 David Ferrer ser\u00e1 La Copa Davis en Odense, Dinamarca. (del 18 al 20 d [&hellip;]<\/p>\n","protected":false},"author":1,"featured_media":4682,"comment_status":"open","ping_status":"open","sticky":false,"template":"","format":"standard","meta":{"footnotes":""},"categories":[22],"tags":[64,11],"class_list":{"0":"post-4623","1":"post","2":"type-post","3":"status-publish","4":"format-standard","5":"has-post-thumbnail","7":"category-tournament","8":"tag-copa-davis","9":"tag-photo","10":"czr-hentry"},"aioseo_notices":[],"jetpack_featured_media_url":"https:\/\/platino-davidferrer.com\/wp-content\/uploads\/2015\/09\/davidasco.jpg","_links":{"self":[{"href":"https:\/\/platino-davidferrer.com\/index.php?rest_route=\/wp\/v2\/posts\/4623","targetHints":{"allow":["GET"]}}],"collection":[{"href":"https:\/\/platino-davidferrer.com\/index.php?rest_route=\/wp\/v2\/posts"}],"about":[{"href":"https:\/\/platino-davidferrer.com\/index.php?rest_route=\/wp\/v2\/types\/post"}],"author":[{"embeddable":true,"href":"https:\/\/platino-davidferrer.com\/index.php?rest_route=\/wp\/v2\/users\/1"}],"replies":[{"embeddable":true,"href":"https:\/\/platino-davidferrer.com\/index.php?rest_route=%2Fwp%2Fv2%2Fcomments&post=4623"}],"version-history":[{"count":0,"href":"https:\/\/platino-davidferrer.com\/index.php?rest_route=\/wp\/v2\/posts\/4623\/revisions"}],"wp:featuredmedia":[{"embeddable":true,"href":"https:\/\/platino-davidferrer.com\/index.php?rest_route=\/wp\/v2\/media\/4682"}],"wp:attachment":[{"href":"https:\/\/platino-davidferrer.com\/index.php?rest_route=%2Fwp%2Fv2%2Fmedia&parent=4623"}],"wp:term":[{"taxonomy":"category","embeddable":true,"href":"https:\/\/platino-davidferrer.com\/index.php?rest_route=%2Fwp%2Fv2%2Fcategories&post=4623"},{"taxonomy":"post_tag","embeddable":true,"href":"https:\/\/platino-davidferrer.com\/index.php?rest_route=%2Fwp%2Fv2%2Ftags&post=4623"}],"curies":[{"name":"wp","href":"https:\/\/api.w.org\/{rel}","templated":true}]}}