{"id":4809,"date":"2015-09-18T23:33:34","date_gmt":"2015-09-18T23:33:34","guid":{"rendered":"https:\/\/platino-davidferrer.com\/?p=4809"},"modified":"2015-09-19T20:17:56","modified_gmt":"2015-09-19T20:17:56","slug":"primera-jornada-de-la-copa-davis","status":"publish","type":"post","link":"https:\/\/platino-davidferrer.com\/?p=4809","title":{"rendered":"Primera jornada de la Copa Davis"},"content":{"rendered":"<p><strong><font size = +1>Primera jornada!<\/font><\/p>\n<p>Victorias de David Ferrer y Rafa Nadal para el 2-0 de Espa\u00f1a a Dinamarca!!!<br \/>\nDavid Ferrer gana a Frederik Nielsen por 6-1, 7-5, 6-2.<\/strong><\/p>\n<p>Segundo d\u00eda, Nadal y Verdasco jugar\u00e1n el dobles. y David jugar\u00e1 en d\u00eda3, Domingo. Vamos!!!!!<\/p>\n<p style=\"margin-bottom:3em;\">\n<p><strong>conferencia de prensa:<\/strong><\/p>\n<p><iframe loading=\"lazy\" width=\"400\" height=\"315\" src=\"\/\/www.youtube.com\/embed\/xJYFrM801GE?rel=0\" frameborder=\"0\" allowfullscreen><\/iframe><br \/>\n<strong>#DENESP Ferrer: &#8220;Hemos podido encarrilar la serie, pero a\u00fan nos falta un punto&#8221;<\/strong><\/p>\n<p style=\"margin-bottom:3em;\">\n<p><strong>Fotos:<\/strong><\/p>\n<p><a href=\"https:\/\/platino-davidferrer.com\/wp-content\/uploads\/2015\/09\/gd.jpg\"><img loading=\"lazy\" decoding=\"async\" src=\"https:\/\/platino-davidferrer.com\/wp-content\/uploads\/2015\/09\/gd-300x199.jpg\" alt=\"Primera jornada de la Copa Davis\" width=\"300\" height=\"199\" class=\"alignnone size-medium wp-image-4811\" srcset=\"https:\/\/platino-davidferrer.com\/wp-content\/uploads\/2015\/09\/gd-300x199.jpg 300w, https:\/\/platino-davidferrer.com\/wp-content\/uploads\/2015\/09\/gd.jpg 980w\" sizes=\"auto, (max-width: 300px) 100vw, 300px\" \/><\/a>\u3000<a href=\"https:\/\/platino-davidferrer.com\/wp-content\/uploads\/2015\/09\/7D1_1930-800px.jpg\"><img loading=\"lazy\" decoding=\"async\" src=\"https:\/\/platino-davidferrer.com\/wp-content\/uploads\/2015\/09\/7D1_1930-800px-300x200.jpg\" alt=\"Primera jornada de la Copa Davis\" width=\"300\" height=\"200\" class=\"alignnone size-medium wp-image-4839\" srcset=\"https:\/\/platino-davidferrer.com\/wp-content\/uploads\/2015\/09\/7D1_1930-800px-300x200.jpg 300w, https:\/\/platino-davidferrer.com\/wp-content\/uploads\/2015\/09\/7D1_1930-800px.jpg 800w\" sizes=\"auto, (max-width: 300px) 100vw, 300px\" \/><\/a><\/p>\n<p><a href=\"https:\/\/platino-davidferrer.com\/wp-content\/uploads\/2015\/09\/IMG_0168-800px.jpg\"><img loading=\"lazy\" decoding=\"async\" src=\"https:\/\/platino-davidferrer.com\/wp-content\/uploads\/2015\/09\/IMG_0168-800px-150x150.jpg\" alt=\"Primera jornada de la Copa Davis\" width=\"150\" height=\"150\" class=\"alignnone size-thumbnail wp-image-4816\" \/><\/a>\u3000<a href=\"https:\/\/platino-davidferrer.com\/wp-content\/uploads\/2015\/09\/7D1_1335-800px.jpg\"><img loading=\"lazy\" decoding=\"async\" src=\"https:\/\/platino-davidferrer.com\/wp-content\/uploads\/2015\/09\/7D1_1335-800px-150x150.jpg\" alt=\"Primera jornada de la Copa Davis\" width=\"150\" height=\"150\" class=\"alignnone size-thumbnail wp-image-4820\" \/><\/a>\u3000<a href=\"https:\/\/platino-davidferrer.com\/wp-content\/uploads\/2015\/09\/7D1_1875-800px.jpg\"><img loading=\"lazy\" decoding=\"async\" src=\"https:\/\/platino-davidferrer.com\/wp-content\/uploads\/2015\/09\/7D1_1875-800px-150x150.jpg\" alt=\"Primera jornada de la Copa Davis\" width=\"150\" height=\"150\" class=\"alignnone size-thumbnail wp-image-4815\" \/><\/a>\u3000<a href=\"https:\/\/platino-davidferrer.com\/wp-content\/uploads\/2015\/09\/01.jpg\"><img loading=\"lazy\" decoding=\"async\" src=\"https:\/\/platino-davidferrer.com\/wp-content\/uploads\/2015\/09\/01-150x150.jpg\" alt=\"Primera jornada de la Copa Davis\" width=\"150\" height=\"150\" class=\"alignnone size-thumbnail wp-image-4817\" \/><\/a>\u3000<a href=\"https:\/\/platino-davidferrer.com\/wp-content\/uploads\/2015\/09\/IMG_6247.jpg\"><img loading=\"lazy\" decoding=\"async\" src=\"https:\/\/platino-davidferrer.com\/wp-content\/uploads\/2015\/09\/IMG_6247-150x150.jpg\" alt=\"Primera jornada de la Copa Davis\" width=\"150\" height=\"150\" class=\"alignnone size-thumbnail wp-image-4814\" \/><\/a><\/p>\n<p><a href=\"https:\/\/platino-davidferrer.com\/wp-content\/uploads\/2015\/09\/IMG_6248.jpg\"><img loading=\"lazy\" decoding=\"async\" src=\"https:\/\/platino-davidferrer.com\/wp-content\/uploads\/2015\/09\/IMG_6248-150x150.jpg\" alt=\"Primera jornada de la Copa Davis\" width=\"150\" height=\"150\" class=\"alignnone size-thumbnail wp-image-4813\" \/><\/a>\u3000<a href=\"https:\/\/platino-davidferrer.com\/wp-content\/uploads\/2015\/09\/IMG_6252.jpg\"><img loading=\"lazy\" decoding=\"async\" src=\"https:\/\/platino-davidferrer.com\/wp-content\/uploads\/2015\/09\/IMG_6252-150x150.jpg\" alt=\"Primera jornada de la Copa Davis\" width=\"150\" height=\"150\" class=\"alignnone size-thumbnail wp-image-4825\" \/><\/a>\u3000<a href=\"https:\/\/platino-davidferrer.com\/wp-content\/uploads\/2015\/09\/IMG_6250.jpg\"><img loading=\"lazy\" decoding=\"async\" src=\"https:\/\/platino-davidferrer.com\/wp-content\/uploads\/2015\/09\/IMG_6250-150x150.jpg\" alt=\"Primera jornada de la Copa Davis\" width=\"150\" height=\"150\" class=\"alignnone size-thumbnail wp-image-4826\" \/><\/a>\u3000<a href=\"https:\/\/platino-davidferrer.com\/wp-content\/uploads\/2015\/09\/IMG_6251.jpg\"><img loading=\"lazy\" decoding=\"async\" src=\"https:\/\/platino-davidferrer.com\/wp-content\/uploads\/2015\/09\/IMG_6251-150x150.jpg\" alt=\"Primera jornada de la Copa Davis\" width=\"150\" height=\"150\" class=\"alignnone size-thumbnail wp-image-4827\" \/><\/a>\u3000<a href=\"https:\/\/platino-davidferrer.com\/wp-content\/uploads\/2015\/09\/02.jpg\"><img loading=\"lazy\" decoding=\"async\" src=\"https:\/\/platino-davidferrer.com\/wp-content\/uploads\/2015\/09\/02-150x150.jpg\" alt=\"Primera jornada de la Copa Davis\" width=\"150\" height=\"150\" class=\"alignnone size-thumbnail wp-image-4818\" \/><\/a><\/p>\n<p><a href=\"https:\/\/platino-davidferrer.com\/wp-content\/uploads\/2015\/09\/7D1_2070-800px.jpg\"><img loading=\"lazy\" decoding=\"async\" src=\"https:\/\/platino-davidferrer.com\/wp-content\/uploads\/2015\/09\/7D1_2070-800px-150x150.jpg\" alt=\"Primera jornada de la Copa Davis\" width=\"150\" height=\"150\" class=\"alignnone size-thumbnail wp-image-4834\" \/><\/a>\u3000<a href=\"https:\/\/platino-davidferrer.com\/wp-content\/uploads\/2015\/09\/7D1_2224-800px.jpg\"><img loading=\"lazy\" decoding=\"async\" src=\"https:\/\/platino-davidferrer.com\/wp-content\/uploads\/2015\/09\/7D1_2224-800px-150x150.jpg\" alt=\"Primera jornada de la Copa Davis\" width=\"150\" height=\"150\" class=\"alignnone size-thumbnail wp-image-4835\" \/><\/a>\u3000<a href=\"https:\/\/platino-davidferrer.com\/wp-content\/uploads\/2015\/09\/7D1_2244-800px.jpg\"><img loading=\"lazy\" decoding=\"async\" src=\"https:\/\/platino-davidferrer.com\/wp-content\/uploads\/2015\/09\/7D1_2244-800px-150x150.jpg\" alt=\"Primera jornada de la Copa Davis\" width=\"150\" height=\"150\" class=\"alignnone size-thumbnail wp-image-4836\" \/><\/a>\u3000<a href=\"https:\/\/platino-davidferrer.com\/wp-content\/uploads\/2015\/09\/7D1_1894-800px.jpg\"><img loading=\"lazy\" decoding=\"async\" src=\"https:\/\/platino-davidferrer.com\/wp-content\/uploads\/2015\/09\/7D1_1894-800px-150x150.jpg\" alt=\"Primera jornada de la Copa Davis\" width=\"150\" height=\"150\" class=\"alignnone size-thumbnail wp-image-4838\" \/><\/a>\u3000<a href=\"https:\/\/platino-davidferrer.com\/wp-content\/uploads\/2015\/09\/7D1_1930-800px.jpg\"><img loading=\"lazy\" decoding=\"async\" src=\"https:\/\/platino-davidferrer.com\/wp-content\/uploads\/2015\/09\/7D1_1930-800px-150x150.jpg\" alt=\"Primera jornada de la Copa Davis\" width=\"150\" height=\"150\" class=\"alignnone size-thumbnail wp-image-4839\" \/><\/a><\/p>\n<p><a href=\"https:\/\/platino-davidferrer.com\/wp-content\/uploads\/2015\/09\/7D1_1988-800px.jpg\"><img loading=\"lazy\" decoding=\"async\" src=\"https:\/\/platino-davidferrer.com\/wp-content\/uploads\/2015\/09\/7D1_1988-800px-150x150.jpg\" alt=\"Primera jornada de la Copa Davis\" width=\"150\" height=\"150\" class=\"alignnone size-thumbnail wp-image-4840\" \/><\/a>\u3000<a href=\"https:\/\/platino-davidferrer.com\/wp-content\/uploads\/2015\/09\/b005.jpg\"><img loading=\"lazy\" decoding=\"async\" src=\"https:\/\/platino-davidferrer.com\/wp-content\/uploads\/2015\/09\/b005-150x150.jpg\" alt=\"Primera jornada de la Copa Davis\" width=\"150\" height=\"150\" class=\"alignnone size-thumbnail wp-image-4852\" \/><\/a>\u3000<a href=\"https:\/\/platino-davidferrer.com\/wp-content\/uploads\/2015\/09\/b002.jpg\"><img loading=\"lazy\" decoding=\"async\" src=\"https:\/\/platino-davidferrer.com\/wp-content\/uploads\/2015\/09\/b002-150x150.jpg\" alt=\"Primera jornada de la Copa Davis\" width=\"150\" height=\"150\" class=\"alignnone size-thumbnail wp-image-4853\" \/><\/a>\u3000<a href=\"https:\/\/platino-davidferrer.com\/wp-content\/uploads\/2015\/09\/b004.jpg\"><img loading=\"lazy\" decoding=\"async\" src=\"https:\/\/platino-davidferrer.com\/wp-content\/uploads\/2015\/09\/b004-150x150.jpg\" alt=\"Primera jornada de la Copa Davis\" width=\"150\" height=\"150\" class=\"alignnone size-thumbnail wp-image-4855\" \/><\/a>\u3000<a href=\"https:\/\/platino-davidferrer.com\/wp-content\/uploads\/2015\/09\/b003.jpg\"><img loading=\"lazy\" decoding=\"async\" src=\"https:\/\/platino-davidferrer.com\/wp-content\/uploads\/2015\/09\/b003-150x150.jpg\" alt=\"Primera jornada de la Copa Davis\" width=\"150\" height=\"150\" class=\"alignnone size-thumbnail wp-image-4854\" \/><\/a><\/p>\n<p><a href=\"https:\/\/platino-davidferrer.com\/wp-content\/uploads\/2015\/09\/7D1_2309-800px.jpg\"><img loading=\"lazy\" decoding=\"async\" src=\"https:\/\/platino-davidferrer.com\/wp-content\/uploads\/2015\/09\/7D1_2309-800px-150x150.jpg\" alt=\"Primera jornada de la Copa Davis\" width=\"150\" height=\"150\" class=\"alignnone size-thumbnail wp-image-4837\" \/><\/a>\u3000<a href=\"https:\/\/platino-davidferrer.com\/wp-content\/uploads\/2015\/09\/b001.jpg\"><img loading=\"lazy\" decoding=\"async\" src=\"https:\/\/platino-davidferrer.com\/wp-content\/uploads\/2015\/09\/b001-150x150.jpg\" alt=\"Primera jornada de la Copa Davis\" width=\"150\" height=\"150\" class=\"alignnone size-thumbnail wp-image-4856\" \/><\/a>\u3000<a href=\"https:\/\/platino-davidferrer.com\/wp-content\/uploads\/2015\/09\/IMG_0289-800px.jpg\"><img loading=\"lazy\" decoding=\"async\" src=\"https:\/\/platino-davidferrer.com\/wp-content\/uploads\/2015\/09\/IMG_0289-800px-150x150.jpg\" alt=\"Primera jornada de la Copa Davis\" width=\"150\" height=\"150\" class=\"alignnone size-thumbnail wp-image-4857\" \/><\/a>\u3000<a href=\"https:\/\/platino-davidferrer.com\/wp-content\/uploads\/2015\/09\/IMG_6249.jpg\"><img loading=\"lazy\" decoding=\"async\" src=\"https:\/\/platino-davidferrer.com\/wp-content\/uploads\/2015\/09\/IMG_6249-150x150.jpg\" alt=\"Primera jornada de la Copa Davis\" width=\"150\" height=\"150\" class=\"alignnone size-thumbnail wp-image-4858\" \/><\/a><\/p>\n<p>(Fotos via Dansk Tennis Forbund Website, Pedro Hernandez \u200f@PedroRFET twitter, Equipo Espa\u00f1ol de Copa Davis Facebook, Brigitte Urban @sharonapalma ! Thank you so much!!!)<\/p>\n<p style=\"margin-bottom:3em;\">\n<p><strong>Articles: <\/strong><\/p>\n<p><strong><a href=\"http:\/\/www.marca.com\/2015\/09\/18\/tenis\/copa_davis\/1442595424.html\" target=\"_blank\">Ferrer pone la directa en Dinamarca<\/a><\/strong><br \/>\n(via MARCA.com)<\/p>\n<p><strong><a href=\"http:\/\/tenis.as.com\/tenis\/2015\/09\/18\/copa_davis\/1442594726_808037.html\" target=\"_blank\">Ferrer sella el 2-0 y acerca la permanencia para Espa\u00f1a<\/a><\/strong><br \/>\n(via as.com)<\/p>\n<p><strong><a href=\"http:\/\/www.sport.es\/es\/noticias\/tenis\/david-ferrer-coloca-0-2-marcador-odense-4520161\" target=\"_blank\">David Ferrer coloca el 0-2 en el marcador de Odense<\/a><\/strong><br \/>\n(via sport.es)<\/p>\n","protected":false},"excerpt":{"rendered":"<p>Primera jornada! Victorias de David Ferrer y Rafa Nadal para el 2-0 de Espa\u00f1a a Dinamarca!!! David Ferrer gana [&hellip;]<\/p>\n","protected":false},"author":1,"featured_media":4850,"comment_status":"open","ping_status":"open","sticky":false,"template":"","format":"standard","meta":{"footnotes":""},"categories":[22],"tags":[64,29,11],"class_list":{"0":"post-4809","1":"post","2":"type-post","3":"status-publish","4":"format-standard","5":"has-post-thumbnail","7":"category-tournament","8":"tag-copa-davis","9":"tag-interview","10":"tag-photo","11":"czr-hentry"},"aioseo_notices":[],"jetpack_featured_media_url":"https:\/\/platino-davidferrer.com\/wp-content\/uploads\/2015\/09\/FB247.jpg","_links":{"self":[{"href":"https:\/\/platino-davidferrer.com\/index.php?rest_route=\/wp\/v2\/posts\/4809","targetHints":{"allow":["GET"]}}],"collection":[{"href":"https:\/\/platino-davidferrer.com\/index.php?rest_route=\/wp\/v2\/posts"}],"about":[{"href":"https:\/\/platino-davidferrer.com\/index.php?rest_route=\/wp\/v2\/types\/post"}],"author":[{"embeddable":true,"href":"https:\/\/platino-davidferrer.com\/index.php?rest_route=\/wp\/v2\/users\/1"}],"replies":[{"embeddable":true,"href":"https:\/\/platino-davidferrer.com\/index.php?rest_route=%2Fwp%2Fv2%2Fcomments&post=4809"}],"version-history":[{"count":0,"href":"https:\/\/platino-davidferrer.com\/index.php?rest_route=\/wp\/v2\/posts\/4809\/revisions"}],"wp:featuredmedia":[{"embeddable":true,"href":"https:\/\/platino-davidferrer.com\/index.php?rest_route=\/wp\/v2\/media\/4850"}],"wp:attachment":[{"href":"https:\/\/platino-davidferrer.com\/index.php?rest_route=%2Fwp%2Fv2%2Fmedia&parent=4809"}],"wp:term":[{"taxonomy":"category","embeddable":true,"href":"https:\/\/platino-davidferrer.com\/index.php?rest_route=%2Fwp%2Fv2%2Fcategories&post=4809"},{"taxonomy":"post_tag","embeddable":true,"href":"https:\/\/platino-davidferrer.com\/index.php?rest_route=%2Fwp%2Fv2%2Ftags&post=4809"}],"curies":[{"name":"wp","href":"https:\/\/api.w.org\/{rel}","templated":true}]}}