{"id":4861,"date":"2015-09-20T23:12:05","date_gmt":"2015-09-20T23:12:05","guid":{"rendered":"https:\/\/platino-davidferrer.com\/?p=4861"},"modified":"2015-09-22T02:26:58","modified_gmt":"2015-09-22T02:26:58","slug":"espana-ha-cerrado-con-pleno-de-victorias","status":"publish","type":"post","link":"https:\/\/platino-davidferrer.com\/?p=4861","title":{"rendered":"Espa\u00f1a ha cerrado con pleno de victorias"},"content":{"rendered":"<p><strong><font size = +2>Enhorabuena a todo el equipo!<\/font><\/strong><br \/>\nEspa\u00f1a ha cerrado con pleno de victorias la eliminatoria de la Copa Davis!!!<\/p>\n<p><strong>David Ferrer gana a Mikael Torpegaard por 6-1, 6-3!<\/strong><br \/>\nY coloca el 5-0 final ante Dinamarca en Odense!!! \u202a#\u200eENORME\u202c<\/p>\n<p>La victoria rompe una racha de cinco derrotas seguidas fuera de casa y permitir\u00e1 a la Selecci\u00f3n Espa\u00f1ola Mapfre luchar por volver al Grupo Mundial el pr\u00f3ximo a\u00f1o.<\/p>\n<p><strong><font size = +1>Vamos Espa\u00f1a!!!!!<\/font><\/strong><\/p>\n<p><a href=\"https:\/\/platino-davidferrer.com\/wp-content\/uploads\/2015\/09\/pf.jpg\"><img loading=\"lazy\" decoding=\"async\" src=\"https:\/\/platino-davidferrer.com\/wp-content\/uploads\/2015\/09\/pf-300x201.jpg\" alt=\"la Copa Davis\" width=\"300\" height=\"201\" class=\"alignnone size-medium wp-image-4862\" srcset=\"https:\/\/platino-davidferrer.com\/wp-content\/uploads\/2015\/09\/pf-300x201.jpg 300w, https:\/\/platino-davidferrer.com\/wp-content\/uploads\/2015\/09\/pf.jpg 1023w\" sizes=\"auto, (max-width: 300px) 100vw, 300px\" \/><\/a>\u3000<a href=\"https:\/\/platino-davidferrer.com\/wp-content\/uploads\/2015\/09\/aa.jpg\"><img loading=\"lazy\" decoding=\"async\" src=\"https:\/\/platino-davidferrer.com\/wp-content\/uploads\/2015\/09\/aa-300x199.jpg\" alt=\"la Copa Davis\" width=\"300\" height=\"199\" class=\"alignnone size-medium wp-image-4896\" srcset=\"https:\/\/platino-davidferrer.com\/wp-content\/uploads\/2015\/09\/aa-300x199.jpg 300w, https:\/\/platino-davidferrer.com\/wp-content\/uploads\/2015\/09\/aa.jpg 594w\" sizes=\"auto, (max-width: 300px) 100vw, 300px\" \/><\/a><\/p>\n<p>David dijo&#8230; (via <a href=\"http:\/\/www.tennis-tourtalk.com\/?p=4555\" target=\"_blank\">tennis tourtalk.com<\/a>)<\/p>\n<blockquote><p>\u201cI played a solid first set, better than in the second. My opponent is pretty young and has a good serve and maybe he will have a good future. <br \/>It will be important for him to play more matches like these, getting more experience,\u201d<\/p>\n<p>\u201cWe won all of our matches this weekend and therewith we achieved our main goal to stay in the Group I of the Davis Cup. And next year we hope to get back to the World Group,\u201d<br \/>\n\u201cIf the captain wants me to play next year, I will be there. We will see, there is still a long time to go until next July,\u201d<\/p><\/blockquote>\n<p style=\"margin-bottom:3em;\">\n<p><strong><font size = +1>Resultados<\/font><\/strong><\/p>\n<p><strong>Viernes, 18 septiembre<\/strong><br \/>\n\u3000Rafael Nadal (ESP) a Mikael Torpegaard (DIN) 64 63 62<br \/>\n\u3000David Ferrer (ESP) a Frederik Nielsen (DIN) 61 75 62<\/p>\n<p><strong>S\u00e1bado, 19 septiembre<\/strong><br \/>\n\u3000Rafael Nadal\/Fernando Verdasco (ESP) a<br \/>\n\u3000Frederik Nielsen\/Thomas Kromann (DIN) 64 36 76(4) 64<\/p>\n<p><strong>Domingo, 20 septiembre<\/strong><br \/>\n\u3000Roberto Bautista (ESP) a Frederik Nielsen (DIN) 63 64<br \/>\n\u3000David Ferrer (ESP) a Mikael Torpegaard (DIN) 61 63<\/p>\n<p><strong>Muchas gracias y enhorabuena el equipo de Espa\u00f1a!!!<\/strong><\/p>\n<p style=\"margin-bottom:3em;\">\n<p><strong>Fotos :<\/strong><\/p>\n<p><a href=\"https:\/\/platino-davidferrer.com\/wp-content\/uploads\/2015\/09\/aad.jpg\"><img loading=\"lazy\" decoding=\"async\" src=\"https:\/\/platino-davidferrer.com\/wp-content\/uploads\/2015\/09\/aad-150x150.jpg\" alt=\"la Copa Davis\" width=\"150\" height=\"150\" class=\"alignnone size-thumbnail wp-image-4872\" \/><\/a>\u3000<a href=\"https:\/\/platino-davidferrer.com\/wp-content\/uploads\/2015\/09\/IMG_3041-800px.jpg\"><img loading=\"lazy\" decoding=\"async\" src=\"https:\/\/platino-davidferrer.com\/wp-content\/uploads\/2015\/09\/IMG_3041-800px-150x150.jpg\" alt=\"la Copa Davis\" width=\"150\" height=\"150\" class=\"alignnone size-thumbnail wp-image-4873\" \/><\/a>\u3000<a href=\"https:\/\/platino-davidferrer.com\/wp-content\/uploads\/2015\/09\/IMG_3077-800px.jpg\"><img loading=\"lazy\" decoding=\"async\" src=\"https:\/\/platino-davidferrer.com\/wp-content\/uploads\/2015\/09\/IMG_3077-800px-150x150.jpg\" alt=\"la Copa Davis\" width=\"150\" height=\"150\" class=\"alignnone size-thumbnail wp-image-4874\" \/><\/a>\u3000<a href=\"https:\/\/platino-davidferrer.com\/wp-content\/uploads\/2015\/09\/IMG_3095-800px.jpg\"><img loading=\"lazy\" decoding=\"async\" src=\"https:\/\/platino-davidferrer.com\/wp-content\/uploads\/2015\/09\/IMG_3095-800px-150x150.jpg\" alt=\"la Copa Davis\" width=\"150\" height=\"150\" class=\"alignnone size-thumbnail wp-image-4870\" \/><\/a>\u3000<a href=\"https:\/\/platino-davidferrer.com\/wp-content\/uploads\/2015\/09\/IMG_3109-800px.jpg\"><img loading=\"lazy\" decoding=\"async\" src=\"https:\/\/platino-davidferrer.com\/wp-content\/uploads\/2015\/09\/IMG_3109-800px-150x150.jpg\" alt=\"la Copa Davis\" width=\"150\" height=\"150\" class=\"alignnone size-thumbnail wp-image-4871\" \/><\/a><\/p>\n<p><a href=\"https:\/\/platino-davidferrer.com\/wp-content\/uploads\/2015\/09\/IMG_3124-800px.jpg\"><img loading=\"lazy\" decoding=\"async\" src=\"https:\/\/platino-davidferrer.com\/wp-content\/uploads\/2015\/09\/IMG_3124-800px-150x150.jpg\" alt=\"la Copa Davis\" width=\"150\" height=\"150\" class=\"alignnone size-thumbnail wp-image-4885\" \/><\/a>\u3000<a href=\"https:\/\/platino-davidferrer.com\/wp-content\/uploads\/2015\/09\/IMG_3125-800px.jpg\"><img loading=\"lazy\" decoding=\"async\" src=\"https:\/\/platino-davidferrer.com\/wp-content\/uploads\/2015\/09\/IMG_3125-800px-150x150.jpg\" alt=\"la Copa Davis\" width=\"150\" height=\"150\" class=\"alignnone size-thumbnail wp-image-4886\" \/><\/a>\u3000<a href=\"https:\/\/platino-davidferrer.com\/wp-content\/uploads\/2015\/09\/IMG_3117-800px.jpg\"><img loading=\"lazy\" decoding=\"async\" src=\"https:\/\/platino-davidferrer.com\/wp-content\/uploads\/2015\/09\/IMG_3117-800px-150x150.jpg\" alt=\"la Copa Davis\" width=\"150\" height=\"150\" class=\"alignnone size-thumbnail wp-image-4889\" \/><\/a>\u3000<a href=\"https:\/\/platino-davidferrer.com\/wp-content\/uploads\/2015\/09\/IMG_3114-800px.jpg\"><img loading=\"lazy\" decoding=\"async\" src=\"https:\/\/platino-davidferrer.com\/wp-content\/uploads\/2015\/09\/IMG_3114-800px-150x150.jpg\" alt=\"la Copa Davis\" width=\"150\" height=\"150\" class=\"alignnone size-thumbnail wp-image-4888\" \/><\/a>\u3000<a href=\"https:\/\/platino-davidferrer.com\/wp-content\/uploads\/2015\/09\/IMG_3122-800px.jpg\"><img loading=\"lazy\" decoding=\"async\" src=\"https:\/\/platino-davidferrer.com\/wp-content\/uploads\/2015\/09\/IMG_3122-800px-150x150.jpg\" alt=\"la Copa Davis\" width=\"150\" height=\"150\" class=\"alignnone size-thumbnail wp-image-4890\" \/><\/a><\/p>\n<p><a href=\"https:\/\/platino-davidferrer.com\/wp-content\/uploads\/2015\/09\/7D1_2815-800px.jpg\"><img loading=\"lazy\" decoding=\"async\" src=\"https:\/\/platino-davidferrer.com\/wp-content\/uploads\/2015\/09\/7D1_2815-800px-150x150.jpg\" alt=\"la Copa Davis\" width=\"150\" height=\"150\" class=\"alignnone size-thumbnail wp-image-4881\" \/><\/a>\u3000<a href=\"https:\/\/platino-davidferrer.com\/wp-content\/uploads\/2015\/09\/7D1_2576-800px.jpg\"><img loading=\"lazy\" decoding=\"async\" src=\"https:\/\/platino-davidferrer.com\/wp-content\/uploads\/2015\/09\/7D1_2576-800px-150x150.jpg\" alt=\"la Copa Davis\" width=\"150\" height=\"150\" class=\"alignnone size-thumbnail wp-image-4865\" \/><\/a>\u3000<a href=\"https:\/\/platino-davidferrer.com\/wp-content\/uploads\/2015\/09\/7D1_2592-800px.jpg\"><img loading=\"lazy\" decoding=\"async\" src=\"https:\/\/platino-davidferrer.com\/wp-content\/uploads\/2015\/09\/7D1_2592-800px-150x150.jpg\" alt=\"la Copa Davis\" width=\"150\" height=\"150\" class=\"alignnone size-thumbnail wp-image-4864\" \/><\/a>\u3000<a href=\"https:\/\/platino-davidferrer.com\/wp-content\/uploads\/2015\/09\/7D1_2581-800px.jpg\"><img loading=\"lazy\" decoding=\"async\" src=\"https:\/\/platino-davidferrer.com\/wp-content\/uploads\/2015\/09\/7D1_2581-800px-150x150.jpg\" alt=\"la Copa Davis\" width=\"150\" height=\"150\" class=\"alignnone size-thumbnail wp-image-4866\" \/><\/a>\u3000<a href=\"https:\/\/platino-davidferrer.com\/wp-content\/uploads\/2015\/09\/7D1_2582-800px.jpg\"><img loading=\"lazy\" decoding=\"async\" src=\"https:\/\/platino-davidferrer.com\/wp-content\/uploads\/2015\/09\/7D1_2582-800px-150x150.jpg\" alt=\"la Copa Davis\" width=\"150\" height=\"150\" class=\"alignnone size-thumbnail wp-image-4867\" \/><\/a><\/p>\n<p><a href=\"https:\/\/platino-davidferrer.com\/wp-content\/uploads\/2015\/09\/IMG_2854-800px.jpg\"><img loading=\"lazy\" decoding=\"async\" src=\"https:\/\/platino-davidferrer.com\/wp-content\/uploads\/2015\/09\/IMG_2854-800px-150x150.jpg\" alt=\"la Copa Davis\" width=\"150\" height=\"150\" class=\"alignnone size-thumbnail wp-image-4883\" \/><\/a>\u3000<a href=\"https:\/\/platino-davidferrer.com\/wp-content\/uploads\/2015\/09\/7D1_2620-800px.jpg\"><img loading=\"lazy\" decoding=\"async\" src=\"https:\/\/platino-davidferrer.com\/wp-content\/uploads\/2015\/09\/7D1_2620-800px-150x150.jpg\" alt=\"la Copa Davis\" width=\"150\" height=\"150\" class=\"alignnone size-thumbnail wp-image-4899\" \/><\/a>\u3000<a href=\"https:\/\/platino-davidferrer.com\/wp-content\/uploads\/2015\/09\/IMG_0289.jpg\"><img loading=\"lazy\" decoding=\"async\" src=\"https:\/\/platino-davidferrer.com\/wp-content\/uploads\/2015\/09\/IMG_0289-150x150.jpg\" alt=\"la Copa Davis\" width=\"150\" height=\"150\" class=\"alignnone size-thumbnail wp-image-4900\" \/><\/a>\u3000<a href=\"https:\/\/platino-davidferrer.com\/wp-content\/uploads\/2015\/09\/int.jpg\"><img loading=\"lazy\" decoding=\"async\" src=\"https:\/\/platino-davidferrer.com\/wp-content\/uploads\/2015\/09\/int-150x150.jpg\" alt=\"la Copa Davis\" width=\"150\" height=\"150\" class=\"alignnone size-thumbnail wp-image-4902\" \/><\/a>\u3000<a href=\"https:\/\/platino-davidferrer.com\/wp-content\/uploads\/2015\/09\/xs.jpg\"><img loading=\"lazy\" decoding=\"async\" src=\"https:\/\/platino-davidferrer.com\/wp-content\/uploads\/2015\/09\/xs-150x150.jpg\" alt=\"via Xavi Segura\" width=\"150\" height=\"150\" class=\"alignnone size-thumbnail wp-image-4907\" srcset=\"https:\/\/platino-davidferrer.com\/wp-content\/uploads\/2015\/09\/xs-150x150.jpg 150w, https:\/\/platino-davidferrer.com\/wp-content\/uploads\/2015\/09\/xs-300x300.jpg 300w, https:\/\/platino-davidferrer.com\/wp-content\/uploads\/2015\/09\/xs.jpg 960w\" sizes=\"auto, (max-width: 150px) 100vw, 150px\" \/><\/a><\/p>\n<p>(Fotos via Dansk Tennis Forbund Website, Pedro Hernandez \u200f@PedroRFET twitter, Equipo Espa\u00f1ol de Copa Davis Facebook, Brigitte Urban @sharonapalma, EFE, tennis-tourtalk.com, Xavi Segura Facebook ! Thank you so much!!!)<\/p>\n<p style=\"margin-bottom:3em;\">\n<p><strong>VIDEOS :<\/strong><\/p>\n<p><iframe loading=\"lazy\" width=\"400\" height=\"315\" src=\"\/\/www.youtube.com\/embed\/NmR0h8VxaPM?rel=0\" frameborder=\"0\" allowfullscreen><\/iframe>\u3000<iframe loading=\"lazy\" width=\"400\" height=\"315\" src=\"\/\/www.youtube.com\/embed\/odU4t31AUUM?rel=0\" frameborder=\"0\" allowfullscreen><\/iframe><\/p>\n<p style=\"margin-bottom:3em;\">\n<p><strong>Articles :<\/strong><\/p>\n<p><strong><a href=\"http:\/\/www.rfet.es\/noticias\/det\/Espana_cierra_la_eliminatoria_de_Copa_Davis_con_un_5_0_sobre_Dinamarca\/6315.html\" target=\"_blank\">Espa\u00f1a cierra la eliminatoria de Copa Davis con un 5-0 sobre Dinamarca<\/a><\/strong><br \/>\n(via RFET)<\/p>\n<p><strong><a href=\"http:\/\/www.mundodeportivo.com\/tenis\/20150920\/201785821719\/david-ferrer-redondea-el-5-0-contra-dinamarca-con-un-triunfo-claro.html\" target=\"_blank\">David Ferrer redondea el 5-0 contra Dinamarca con un triunfo claro<\/a><\/strong><br \/>\n(via mundodeportivo)<\/p>\n<p><strong><a href=\"http:\/\/www.marca.com\/2015\/09\/20\/tenis\/copa_davis\/1442765307.html\" target=\"_blank\">Ferrer cierra el 0-5 en Dinamarca<\/a><\/strong><br \/>\n(via MARCA)<\/p>\n","protected":false},"excerpt":{"rendered":"<p>Enhorabuena a todo el equipo! Espa\u00f1a ha cerrado con pleno de victorias la eliminatoria de la Copa Davis!!! Dav [&hellip;]<\/p>\n","protected":false},"author":1,"featured_media":4862,"comment_status":"open","ping_status":"open","sticky":false,"template":"","format":"standard","meta":{"footnotes":""},"categories":[22],"tags":[64,11,32],"class_list":{"0":"post-4861","1":"post","2":"type-post","3":"status-publish","4":"format-standard","5":"has-post-thumbnail","7":"category-tournament","8":"tag-copa-davis","9":"tag-photo","10":"tag-video","11":"czr-hentry"},"aioseo_notices":[],"jetpack_featured_media_url":"https:\/\/platino-davidferrer.com\/wp-content\/uploads\/2015\/09\/pf.jpg","_links":{"self":[{"href":"https:\/\/platino-davidferrer.com\/index.php?rest_route=\/wp\/v2\/posts\/4861","targetHints":{"allow":["GET"]}}],"collection":[{"href":"https:\/\/platino-davidferrer.com\/index.php?rest_route=\/wp\/v2\/posts"}],"about":[{"href":"https:\/\/platino-davidferrer.com\/index.php?rest_route=\/wp\/v2\/types\/post"}],"author":[{"embeddable":true,"href":"https:\/\/platino-davidferrer.com\/index.php?rest_route=\/wp\/v2\/users\/1"}],"replies":[{"embeddable":true,"href":"https:\/\/platino-davidferrer.com\/index.php?rest_route=%2Fwp%2Fv2%2Fcomments&post=4861"}],"version-history":[{"count":0,"href":"https:\/\/platino-davidferrer.com\/index.php?rest_route=\/wp\/v2\/posts\/4861\/revisions"}],"wp:featuredmedia":[{"embeddable":true,"href":"https:\/\/platino-davidferrer.com\/index.php?rest_route=\/wp\/v2\/media\/4862"}],"wp:attachment":[{"href":"https:\/\/platino-davidferrer.com\/index.php?rest_route=%2Fwp%2Fv2%2Fmedia&parent=4861"}],"wp:term":[{"taxonomy":"category","embeddable":true,"href":"https:\/\/platino-davidferrer.com\/index.php?rest_route=%2Fwp%2Fv2%2Fcategories&post=4861"},{"taxonomy":"post_tag","embeddable":true,"href":"https:\/\/platino-davidferrer.com\/index.php?rest_route=%2Fwp%2Fv2%2Ftags&post=4861"}],"curies":[{"name":"wp","href":"https:\/\/api.w.org\/{rel}","templated":true}]}}