{"id":5364,"date":"2015-12-27T06:20:39","date_gmt":"2015-12-27T06:20:39","guid":{"rendered":"https:\/\/platino-davidferrer.com\/?p=5364"},"modified":"2015-12-27T06:20:39","modified_gmt":"2015-12-27T06:20:39","slug":"calendario-de-adviento-2015-de-david-ferrer-todo","status":"publish","type":"post","link":"https:\/\/platino-davidferrer.com\/?p=5364","title":{"rendered":"Calendario de Adviento 2015 de David Ferrer (Todo)"},"content":{"rendered":"<p><strong><font size = +1>Pod\u00e9is ver de todo el Calendario de Adviento de este a\u00f1o en aqu\u00ed! :)<\/font><\/strong><\/p>\n<p style=\"margin-bottom:3em;\">\n<a href=\"https:\/\/platino-davidferrer.com\/photos\/calendario-de-adviento-2015-de-david-ferrer\/\"><img loading=\"lazy\" decoding=\"async\" src=\"https:\/\/platino-davidferrer.com\/wp-content\/uploads\/2015\/12\/CAAtweet-300x225.jpg\" alt=\"CAAtweet\" width=\"300\" height=\"225\" class=\"alignnone size-medium wp-image-5365\" srcset=\"https:\/\/platino-davidferrer.com\/wp-content\/uploads\/2015\/12\/CAAtweet-300x225.jpg 300w, https:\/\/platino-davidferrer.com\/wp-content\/uploads\/2015\/12\/CAAtweet-768x576.jpg 768w, https:\/\/platino-davidferrer.com\/wp-content\/uploads\/2015\/12\/CAAtweet.jpg 800w\" sizes=\"auto, (max-width: 300px) 100vw, 300px\" \/><\/a><\/p>\n<p><strong><a href=\"https:\/\/platino-davidferrer.com\/photos\/calendario-de-adviento-2015-de-david-ferrer\/\">https:\/\/platino-davidferrer.com\/photos\/calendario-de-adviento-2015-de-david-ferrer\/<\/a><\/strong><\/p>\n","protected":false},"excerpt":{"rendered":"<p>Pod\u00e9is ver de todo el Calendario de Adviento de este a\u00f1o en aqu\u00ed! :) https:\/\/platino-davidferrer.com\/photos\/ca [&hellip;]<\/p>\n","protected":false},"author":1,"featured_media":5357,"comment_status":"open","ping_status":"open","sticky":false,"template":"","format":"standard","meta":{"footnotes":""},"categories":[7],"tags":[83,11],"class_list":{"0":"post-5364","1":"post","2":"type-post","3":"status-publish","4":"format-standard","5":"has-post-thumbnail","7":"category-other","8":"tag-calendario-de-adviento","9":"tag-photo","10":"czr-hentry"},"aioseo_notices":[],"jetpack_featured_media_url":"https:\/\/platino-davidferrer.com\/wp-content\/uploads\/2015\/12\/CAAeye.jpg","_links":{"self":[{"href":"https:\/\/platino-davidferrer.com\/index.php?rest_route=\/wp\/v2\/posts\/5364","targetHints":{"allow":["GET"]}}],"collection":[{"href":"https:\/\/platino-davidferrer.com\/index.php?rest_route=\/wp\/v2\/posts"}],"about":[{"href":"https:\/\/platino-davidferrer.com\/index.php?rest_route=\/wp\/v2\/types\/post"}],"author":[{"embeddable":true,"href":"https:\/\/platino-davidferrer.com\/index.php?rest_route=\/wp\/v2\/users\/1"}],"replies":[{"embeddable":true,"href":"https:\/\/platino-davidferrer.com\/index.php?rest_route=%2Fwp%2Fv2%2Fcomments&post=5364"}],"version-history":[{"count":0,"href":"https:\/\/platino-davidferrer.com\/index.php?rest_route=\/wp\/v2\/posts\/5364\/revisions"}],"wp:featuredmedia":[{"embeddable":true,"href":"https:\/\/platino-davidferrer.com\/index.php?rest_route=\/wp\/v2\/media\/5357"}],"wp:attachment":[{"href":"https:\/\/platino-davidferrer.com\/index.php?rest_route=%2Fwp%2Fv2%2Fmedia&parent=5364"}],"wp:term":[{"taxonomy":"category","embeddable":true,"href":"https:\/\/platino-davidferrer.com\/index.php?rest_route=%2Fwp%2Fv2%2Fcategories&post=5364"},{"taxonomy":"post_tag","embeddable":true,"href":"https:\/\/platino-davidferrer.com\/index.php?rest_route=%2Fwp%2Fv2%2Ftags&post=5364"}],"curies":[{"name":"wp","href":"https:\/\/api.w.org\/{rel}","templated":true}]}}