{"id":6044,"date":"2016-05-15T23:33:50","date_gmt":"2016-05-15T23:33:50","guid":{"rendered":"https:\/\/platino-davidferrer.com\/?p=6044"},"modified":"2016-05-16T12:38:59","modified_gmt":"2016-05-16T12:38:59","slug":"suiza2016","status":"publish","type":"post","link":"https:\/\/platino-davidferrer.com\/?p=6044","title":{"rendered":"Suiza!!!"},"content":{"rendered":"<p><strong>El pr\u00f3ximo torneo que disputar\u00e1 David Ferrer ser\u00e1 Geneva Open en Suiza. (del 15 al 21 de mayo).<\/strong><\/p>\n<p><a href=\"https:\/\/platino-davidferrer.com\/wp-content\/uploads\/2016\/05\/gb.jpg\"><img loading=\"lazy\" decoding=\"async\" src=\"https:\/\/platino-davidferrer.com\/wp-content\/uploads\/2016\/05\/gb-300x111.jpg\" alt=\"geneva open\" width=\"300\" height=\"111\" class=\"alignnone size-medium wp-image-6046\" srcset=\"https:\/\/platino-davidferrer.com\/wp-content\/uploads\/2016\/05\/gb-300x111.jpg 300w, https:\/\/platino-davidferrer.com\/wp-content\/uploads\/2016\/05\/gb-768x284.jpg 768w, https:\/\/platino-davidferrer.com\/wp-content\/uploads\/2016\/05\/gb.jpg 851w\" sizes=\"auto, (max-width: 300px) 100vw, 300px\" \/><\/a><\/p>\n<p style=\"margin-bottom:3em;\">\n<p><a href=\"https:\/\/platino-davidferrer.com\/wp-content\/uploads\/2016\/05\/geneva16d.jpg\"><img loading=\"lazy\" decoding=\"async\" src=\"https:\/\/platino-davidferrer.com\/wp-content\/uploads\/2016\/05\/geneva16d-220x300.jpg\" alt=\"geneva draw\" width=\"220\" height=\"300\" class=\"alignleft size-medium wp-image-6047\" srcset=\"https:\/\/platino-davidferrer.com\/wp-content\/uploads\/2016\/05\/geneva16d-220x300.jpg 220w, https:\/\/platino-davidferrer.com\/wp-content\/uploads\/2016\/05\/geneva16d.jpg 700w\" sizes=\"auto, (max-width: 220px) 100vw, 220px\" \/><\/a><\/p>\n<p><strong>Draw is&#8230;<\/strong><\/p>\n<p>1R: <strong>Bye<\/strong><br \/>\n2R: <strong>Daniel Istomin<\/strong><br \/>\nQF: <strong>Sam Querry<\/strong><br \/>\nSF: <strong>Marin Cilic<\/strong><br \/>\nF: <strong>Stan Wawrinka<\/strong><\/p>\n<p><strong>Much\u00edsima suerte!!! :)<\/strong><\/p>\n<p class=\"clearDF\">\n<p><strong><br \/>\nY tweet de David!!!<\/strong><\/p>\n<blockquote class=\"twitter-tweet\" lang=\"EN\" xml:lang=\"EN\"><p>\n<a href=\"https:\/\/twitter.com\/DavidFerrer87\/status\/731574507039821825\">https:\/\/twitter.com\/DavidFerrer87\/status\/731574507039821825<\/a><\/p><\/blockquote>\n<blockquote class=\"twitter-tweet\" lang=\"EN\" xml:lang=\"EN\">\n<blockquote class=\"twitter-tweet\" data-width=\"550\">\n<p lang=\"es\" dir=\"ltr\">Ya en Ginebra con mi entrenador Pac Fogues y mi &quot;mental coach&quot; <a href=\"https:\/\/twitter.com\/jowy19\">@jowy19<\/a> !! Que se conf\u00eden! <a href=\"https:\/\/t.co\/eSq2W4u3ws\">pic.twitter.com\/eSq2W4u3ws<\/a><\/p>\n<p>&mdash; David Ferrer (@DavidFerrer87) <a href=\"https:\/\/twitter.com\/DavidFerrer87\/status\/731907234641391618\">May 15, 2016<\/a><\/p><\/blockquote>\n<p><script async src=\"\/\/platform.twitter.com\/widgets.js\" charset=\"utf-8\"><\/script><\/p><\/blockquote>\n<p><font size = +1>Much\u00edsima suerteeeee!!!!! :)<\/font><\/p>\n","protected":false},"excerpt":{"rendered":"<p>El pr\u00f3ximo torneo que disputar\u00e1 David Ferrer ser\u00e1 Geneva Open en Suiza. (del 15 al 21 de mayo). Draw is&#8230; [&hellip;]<\/p>\n","protected":false},"author":1,"featured_media":6053,"comment_status":"open","ping_status":"open","sticky":false,"template":"","format":"standard","meta":{"footnotes":""},"categories":[22],"tags":[38,90,11,30],"class_list":{"0":"post-6044","1":"post","2":"type-post","3":"status-publish","4":"format-standard","5":"has-post-thumbnail","7":"category-tournament","8":"tag-draw","9":"tag-geneva-open-2016","10":"tag-photo","11":"tag-tweet-from-david","12":"czr-hentry"},"aioseo_notices":[],"jetpack_featured_media_url":"https:\/\/platino-davidferrer.com\/wp-content\/uploads\/2016\/05\/sweye.jpg","_links":{"self":[{"href":"https:\/\/platino-davidferrer.com\/index.php?rest_route=\/wp\/v2\/posts\/6044","targetHints":{"allow":["GET"]}}],"collection":[{"href":"https:\/\/platino-davidferrer.com\/index.php?rest_route=\/wp\/v2\/posts"}],"about":[{"href":"https:\/\/platino-davidferrer.com\/index.php?rest_route=\/wp\/v2\/types\/post"}],"author":[{"embeddable":true,"href":"https:\/\/platino-davidferrer.com\/index.php?rest_route=\/wp\/v2\/users\/1"}],"replies":[{"embeddable":true,"href":"https:\/\/platino-davidferrer.com\/index.php?rest_route=%2Fwp%2Fv2%2Fcomments&post=6044"}],"version-history":[{"count":0,"href":"https:\/\/platino-davidferrer.com\/index.php?rest_route=\/wp\/v2\/posts\/6044\/revisions"}],"wp:featuredmedia":[{"embeddable":true,"href":"https:\/\/platino-davidferrer.com\/index.php?rest_route=\/wp\/v2\/media\/6053"}],"wp:attachment":[{"href":"https:\/\/platino-davidferrer.com\/index.php?rest_route=%2Fwp%2Fv2%2Fmedia&parent=6044"}],"wp:term":[{"taxonomy":"category","embeddable":true,"href":"https:\/\/platino-davidferrer.com\/index.php?rest_route=%2Fwp%2Fv2%2Fcategories&post=6044"},{"taxonomy":"post_tag","embeddable":true,"href":"https:\/\/platino-davidferrer.com\/index.php?rest_route=%2Fwp%2Fv2%2Ftags&post=6044"}],"curies":[{"name":"wp","href":"https:\/\/api.w.org\/{rel}","templated":true}]}}